{"id":153,"date":"2025-04-21T23:19:23","date_gmt":"2025-04-21T23:19:23","guid":{"rendered":"https:\/\/littletea.com.br\/blog\/?p=153"},"modified":"2025-04-24T23:23:01","modified_gmt":"2025-04-24T23:23:01","slug":"diferencas-entre-atraso-no-desenvolvimento-e-autismo-como-identificar-e-quando-procurar-ajuda","status":"publish","type":"post","link":"https:\/\/littletea.com.br\/blog\/2025\/04\/21\/diferencas-entre-atraso-no-desenvolvimento-e-autismo-como-identificar-e-quando-procurar-ajuda\/","title":{"rendered":"Diferen\u00e7as entre atraso no desenvolvimento e autismo: como identificar e quando procurar ajuda"},"content":{"rendered":"\n<p>Durante os primeiros anos de vida, o desenvolvimento infantil \u00e9 marcado por uma s\u00e9rie de conquistas: o sorriso social, as primeiras palavras, o engatinhar, o caminhar. Mas o que acontece quando esses marcos n\u00e3o aparecem no tempo esperado? Muitos pais se deparam com a d\u00favida: &#8220;Ser\u00e1 que meu filho est\u00e1 apenas com um atraso no desenvolvimento ou pode ser autismo?&#8221; Essa pergunta \u00e9 mais comum do que se imagina \u2014 e tamb\u00e9m complexa. Entender as diferen\u00e7as entre esses dois quadros \u00e9 essencial para buscar a melhor ajuda no momento certo.<\/p>\n\n\n\n<h2 class=\"wp-block-heading\"><a><\/a> <strong>O que \u00e9 atraso no desenvolvimento?<\/strong><\/h2>\n\n\n\n<p>Atraso no desenvolvimento \u00e9 um termo amplo usado quando uma crian\u00e7a n\u00e3o atinge habilidades esperadas para sua idade em uma ou mais \u00e1reas do desenvolvimento: linguagem, motricidade, cogni\u00e7\u00e3o, socializa\u00e7\u00e3o ou comportamento. Esses atrasos podem ser tempor\u00e1rios \u2014 como no caso de crian\u00e7as que, por quest\u00f5es ambientais, demoram um pouco mais para falar ou andar \u2014 ou podem indicar alguma condi\u00e7\u00e3o mais duradoura.<\/p>\n\n\n\n<p>Uma crian\u00e7a com atraso na fala, por exemplo, pode apresentar vocabul\u00e1rio limitado aos 2 anos, mas manter um bom contato visual, brincar de forma imaginativa e interagir bem com outras pessoas. Nesse caso, o atraso pode ser isolado e resolvido com apoio fonoaudiol\u00f3gico, estimula\u00e7\u00e3o adequada ou simplesmente com o tempo.<\/p>\n\n\n\n<h2 class=\"wp-block-heading\"><a><\/a> <strong>E o que \u00e9 o Transtorno do Espectro Autista?<\/strong><\/h2>\n\n\n\n<p>O Transtorno do Espectro Autista (TEA), por sua vez, \u00e9 uma condi\u00e7\u00e3o do neurodesenvolvimento que afeta principalmente a comunica\u00e7\u00e3o social e o comportamento. Crian\u00e7as com autismo podem at\u00e9 apresentar atrasos no desenvolvimento, especialmente na fala e linguagem, mas o que define o diagn\u00f3stico s\u00e3o caracter\u00edsticas mais amplas e espec\u00edficas.<\/p>\n\n\n\n<p>Algumas dessas caracter\u00edsticas incluem:<\/p>\n\n\n\n<ul>\n<li>Dificuldade em manter contato visual;<br><br><\/li>\n\n\n\n<li>Pouco interesse em intera\u00e7\u00f5es sociais;<br><br><\/li>\n\n\n\n<li>Resist\u00eancia a mudan\u00e7as de rotina;<br><br><\/li>\n\n\n\n<li>Estereotipias (movimentos repetitivos, como balan\u00e7ar as m\u00e3os);<br><br><\/li>\n\n\n\n<li>Hiper ou hipossensibilidade sensorial (a sons, luzes, texturas);<br><br><\/li>\n\n\n\n<li>Brincadeiras repetitivas ou pouco funcionais.<br><br><br><\/li>\n<\/ul>\n\n\n\n<p>\u00c9 importante frisar que o autismo se manifesta de formas variadas \u2014 por isso o termo &#8220;espectro&#8221; \u2014 e pode se apresentar de maneira leve, moderada ou severa. Uma crian\u00e7a pode falar fluentemente, mas ter s\u00e9rias dificuldades de intera\u00e7\u00e3o social, por exemplo.<\/p>\n\n\n\n<h2 class=\"wp-block-heading\"><a><\/a> <strong>A linha t\u00eanue: quando o atraso pode sinalizar autismo?<\/strong><\/h2>\n\n\n\n<p>Essa \u00e9 uma das maiores d\u00favidas dos pais e cuidadores. Afinal, muitos sinais iniciais do autismo se confundem com atrasos no desenvolvimento t\u00edpico. O que pode ajudar \u00e9 observar n\u00e3o apenas <strong>o que a crian\u00e7a faz ou deixa de fazer<\/strong>, mas <strong>como ela faz<\/strong>.<\/p>\n\n\n\n<p>Por exemplo:<\/p>\n\n\n\n<ul>\n<li>Uma crian\u00e7a com atraso de linguagem pode n\u00e3o falar, mas tenta se comunicar por gestos, aponta para o que quer, busca a aten\u00e7\u00e3o do adulto;<br><br><\/li>\n\n\n\n<li>J\u00e1 uma crian\u00e7a com autismo pode n\u00e3o falar e tamb\u00e9m n\u00e3o demonstrar interesse em interagir ou compartilhar aten\u00e7\u00e3o.<br><br><br><\/li>\n<\/ul>\n\n\n\n<p>Outro ponto importante: <strong>a qualidade da intera\u00e7\u00e3o social<\/strong>. Mesmo crian\u00e7as que ainda n\u00e3o falam verbalmente costumam mostrar inten\u00e7\u00e3o comunicativa de outras formas, como sorrir para chamar aten\u00e7\u00e3o, balbuciar para interagir ou demonstrar empatia. No autismo, esse interesse pela troca social pode estar ausente ou ser bastante at\u00edpico.<\/p>\n\n\n\n<h2 class=\"wp-block-heading\"><a><\/a> <strong>Diagn\u00f3stico diferencial: por que \u00e9 t\u00e3o importante?<\/strong><\/h2>\n\n\n\n<p>O diagn\u00f3stico correto \u00e9 essencial porque determina o tipo de interven\u00e7\u00e3o a ser adotada. Enquanto o atraso isolado pode ser resolvido com est\u00edmulos pontuais, o autismo requer uma abordagem mais estruturada, como a <strong>Terapia ABA<\/strong> (An\u00e1lise do Comportamento Aplicada), que \u00e9 baseada em evid\u00eancias cient\u00edficas e considerada a interven\u00e7\u00e3o mais eficaz para o TEA.<\/p>\n\n\n\n<p>Um diagn\u00f3stico equivocado pode fazer com que a crian\u00e7a perca tempo valioso. Isso porque os primeiros anos de vida s\u00e3o um per\u00edodo de <strong>alta plasticidade cerebral<\/strong>, em que as interven\u00e7\u00f5es t\u00eam o maior impacto. Por isso, cl\u00ednicas especializadas, como uma <strong>cl\u00ednica para autismo<\/strong> com equipe multidisciplinar, fazem toda a diferen\u00e7a nesse processo.<\/p>\n\n\n\n<h2 class=\"wp-block-heading\"><a><\/a> <strong>Quando procurar ajuda?<\/strong><\/h2>\n\n\n\n<p>De maneira geral, qualquer sinal de atraso significativo no desenvolvimento deve ser levado a um profissional. A seguir, alguns <strong>sinais de alerta<\/strong> que merecem aten\u00e7\u00e3o:<\/p>\n\n\n\n<ul>\n<li>Aos 6 meses: n\u00e3o sorri ou n\u00e3o demonstra express\u00e3o de alegria;<br><br><\/li>\n\n\n\n<li>Aos 9 meses: n\u00e3o troca sons, sorrisos ou express\u00f5es faciais com outras pessoas;<br><br><\/li>\n\n\n\n<li>Aos 12 meses: n\u00e3o balbucia ou n\u00e3o aponta para pedir ou mostrar algo;<br><br><\/li>\n\n\n\n<li>Aos 18 meses: n\u00e3o fala palavras simples ou parece \u201cviver no pr\u00f3prio mundo\u201d;<br><br><\/li>\n\n\n\n<li>Aos 24 meses: n\u00e3o combina palavras ou parece n\u00e3o entender instru\u00e7\u00f5es simples.<br><br><br><\/li>\n<\/ul>\n\n\n\n<p>Al\u00e9m disso, sinais como <strong>isolamento social, comportamento repetitivo, fixa\u00e7\u00e3o em objetos ou padr\u00f5es r\u00edgidos<\/strong> tamb\u00e9m s\u00e3o indicativos importantes.<\/p>\n\n\n\n<p>Nesses casos, o ideal \u00e9 procurar um <strong>especialista em autismo<\/strong> ou uma equipe que tenha experi\u00eancia com atrasos no desenvolvimento, como a encontrada em uma cl\u00ednica especializada como a Little TEA. L\u00e1, a crian\u00e7a pode ser avaliada de forma integral, considerando n\u00e3o apenas os sintomas isolados, mas todo o seu perfil de desenvolvimento.<\/p>\n\n\n\n<h2 class=\"wp-block-heading\"><a><\/a> <strong>Como \u00e9 feita a avalia\u00e7\u00e3o?<\/strong><\/h2>\n\n\n\n<p>A avalia\u00e7\u00e3o do desenvolvimento infantil deve ser feita por uma equipe multidisciplinar, que pode incluir:<\/p>\n\n\n\n<ul>\n<li>Psic\u00f3logos;<br><br><\/li>\n\n\n\n<li>Fonoaudi\u00f3logos;<br><br><\/li>\n\n\n\n<li>Terapeutas ocupacionais;<br><br><\/li>\n\n\n\n<li>M\u00e9dicos neuropediatras;<br><br><\/li>\n\n\n\n<li>Analistas do comportamento.<br><br><br><\/li>\n<\/ul>\n\n\n\n<p>Durante o processo, s\u00e3o usados question\u00e1rios, escalas padronizadas e observa\u00e7\u00f5es diretas da crian\u00e7a em diferentes contextos. Uma das ferramentas mais utilizadas para avalia\u00e7\u00e3o de autismo em crian\u00e7as pequenas \u00e9 o <strong>M-CHAT<\/strong>, al\u00e9m de protocolos baseados no <strong>Modelo Denver<\/strong>.<\/p>\n\n\n\n<p>O diferencial de uma boa avalia\u00e7\u00e3o est\u00e1 na <strong>experi\u00eancia da equipe<\/strong>, na capacidade de ouvir os pais e de adaptar as observa\u00e7\u00f5es \u00e0 realidade da crian\u00e7a. Em muitas cl\u00ednicas para autismo, como na Little TEA, esse processo \u00e9 acolhedor, cuidadoso e respeita o tempo e o ritmo de cada fam\u00edlia.<\/p>\n\n\n\n<h2 class=\"wp-block-heading\"><a><\/a> <strong>E se for autismo?<\/strong><\/h2>\n\n\n\n<p>Caso o diagn\u00f3stico de autismo seja confirmado, \u00e9 fundamental come\u00e7ar o quanto antes com uma interven\u00e7\u00e3o baseada em evid\u00eancias. A <strong>Terapia ABA<\/strong> \u00e9 a principal recomendada por \u00f3rg\u00e3os como a Organiza\u00e7\u00e3o Mundial da Sa\u00fade (OMS) e a Sociedade Brasileira de Pediatria. Ela ajuda a desenvolver habilidades sociais, de linguagem, acad\u00eamicas e de autocuidado, de maneira estruturada e individualizada.<\/p>\n\n\n\n<p>Al\u00e9m disso, outras abordagens complementares podem ser indicadas, como:<\/p>\n\n\n\n<ul>\n<li><strong>Terapia Modelo Denver<\/strong>, ideal para crian\u00e7as pequenas, por ser natural\u00edstica e focada na intera\u00e7\u00e3o social;<br><br><\/li>\n\n\n\n<li>Fonoaudiologia;<br><br><\/li>\n\n\n\n<li>Terapia Ocupacional;<br><br><\/li>\n\n\n\n<li>Orienta\u00e7\u00e3o parental.<br><br><br><\/li>\n<\/ul>\n\n\n\n<p>Um dos pilares do sucesso da interven\u00e7\u00e3o \u00e9 a <strong>parceria com os pais<\/strong>. Na Little TEA, por exemplo, os cuidadores recebem suporte cont\u00ednuo para aplicar estrat\u00e9gias em casa, o que potencializa os ganhos da terapia.<\/p>\n\n\n\n<h2 class=\"wp-block-heading\"><a><\/a> <strong>E se for apenas um atraso?<\/strong><\/h2>\n\n\n\n<p>Mesmo que o diagn\u00f3stico n\u00e3o seja de autismo, a interven\u00e7\u00e3o precoce continua sendo importante. Crian\u00e7as com atraso de linguagem, por exemplo, podem precisar de terapia fonoaudiol\u00f3gica; crian\u00e7as com dificuldades motoras podem se beneficiar da fisioterapia ou terapia ocupacional.<\/p>\n\n\n\n<p>O mais importante \u00e9 n\u00e3o adotar a postura do \u201cesperar para ver\u201d. Embora muitas crian\u00e7as realmente superem atrasos com o tempo, outras podem precisar de ajuda para isso. Quanto antes essa ajuda vier, melhores s\u00e3o as chances de um desenvolvimento saud\u00e1vel e pleno.<\/p>\n\n\n\n<h2 class=\"wp-block-heading\"><a><\/a> <strong>A import\u00e2ncia do ambiente terap\u00eautico<\/strong><\/h2>\n\n\n\n<p>Outro aspecto essencial no tratamento de qualquer condi\u00e7\u00e3o do neurodesenvolvimento \u00e9 o ambiente em que a crian\u00e7a realiza a terapia. Uma <strong>cl\u00ednica para autismo<\/strong> que oferece salas equipadas, espa\u00e7os l\u00fadicos e profissionais experientes proporciona um ambiente de aprendizagem refor\u00e7adora \u2014 conceito central da Terapia ABA.<\/p>\n\n\n\n<p>A crian\u00e7a aprende melhor quando se sente segura, acolhida e compreendida. O v\u00ednculo com os profissionais, o envolvimento da fam\u00edlia e a adapta\u00e7\u00e3o das estrat\u00e9gias \u00e0 realidade da crian\u00e7a fazem toda a diferen\u00e7a.<\/p>\n\n\n\n<p>Al\u00e9m disso, o acesso facilitado \u00e0 cl\u00ednica \u2014 como estar pr\u00f3ximo ao metr\u00f4 ou oferecer estacionamento \u2014 tamb\u00e9m contribui para o engajamento da fam\u00edlia, especialmente em rotinas de tratamento intensivo.<\/p>\n\n\n\n<h2 class=\"wp-block-heading\"><a><\/a> <strong>Caminhos poss\u00edveis<\/strong><\/h2>\n\n\n\n<p>Nem todo atraso \u00e9 autismo. Mas todo atraso merece aten\u00e7\u00e3o. Reconhecer os sinais, buscar ajuda especializada e dar in\u00edcio \u00e0 interven\u00e7\u00e3o o quanto antes pode transformar o futuro de uma crian\u00e7a. Com apoio, informa\u00e7\u00e3o e um olhar sens\u00edvel, \u00e9 poss\u00edvel trilhar caminhos de desenvolvimento mais felizes e significativos.<\/p>\n\n\n\n<p>Saiba Mais Sobre: <a href=\"https:\/\/littletea.com.br\/blog\/2025\/02\/25\/ambientes-acolhedores-para-criancas-com-autismo-o-que-considerar\/\">Ambientes acolhedores para crian\u00e7as com autismo: o que considerar?<\/a><\/p>\n","protected":false},"excerpt":{"rendered":"<p>Durante os primeiros anos de vida, o desenvolvimento infantil \u00e9 marcado por uma s\u00e9rie de conquistas: o sorriso social, as primeiras palavras, [&hellip;]<\/p>\n","protected":false},"author":1,"featured_media":154,"comment_status":"open","ping_status":"open","sticky":false,"template":"","format":"standard","meta":[],"categories":[9],"tags":[3,8,14,13,7,5,18,4,17],"yoast_head":"<!-- This site is optimized with the Yoast SEO plugin v21.3 - https:\/\/yoast.com\/wordpress\/plugins\/seo\/ -->\n<title>Autismo - Diferen\u00e7as entre Atraso no Desenvolvimento: Identificar - Little TEA<\/title>\n<meta name=\"description\" content=\"Muitos pais se deparam com a d\u00favida: &quot;Ser\u00e1 que meu filho est\u00e1 apenas com um atraso no desenvolvimento ou pode ser autismo?&quot; Essa pergunta...\" \/>\n<meta name=\"robots\" content=\"index, follow, max-snippet:-1, max-image-preview:large, max-video-preview:-1\" \/>\n<link rel=\"canonical\" href=\"https:\/\/littletea.com.br\/blog\/2025\/04\/21\/diferencas-entre-atraso-no-desenvolvimento-e-autismo-como-identificar-e-quando-procurar-ajuda\/\" \/>\n<meta property=\"og:locale\" content=\"pt_BR\" \/>\n<meta property=\"og:type\" content=\"article\" \/>\n<meta property=\"og:title\" content=\"Autismo - Diferen\u00e7as entre Atraso no Desenvolvimento: Identificar - Little TEA\" \/>\n<meta property=\"og:description\" content=\"Muitos pais se deparam com a d\u00favida: &quot;Ser\u00e1 que meu filho est\u00e1 apenas com um atraso no desenvolvimento ou pode ser autismo?&quot; Essa pergunta...\" \/>\n<meta property=\"og:url\" content=\"https:\/\/littletea.com.br\/blog\/2025\/04\/21\/diferencas-entre-atraso-no-desenvolvimento-e-autismo-como-identificar-e-quando-procurar-ajuda\/\" \/>\n<meta property=\"og:site_name\" content=\"Little TEA\" \/>\n<meta property=\"article:published_time\" content=\"2025-04-21T23:19:23+00:00\" \/>\n<meta property=\"article:modified_time\" content=\"2025-04-24T23:23:01+00:00\" \/>\n<meta property=\"og:image\" content=\"https:\/\/littletea.com.br\/blog\/wp-content\/uploads\/2025\/04\/Autismo.jpg\" \/>\n\t<meta property=\"og:image:width\" content=\"740\" \/>\n\t<meta property=\"og:image:height\" content=\"493\" \/>\n\t<meta property=\"og:image:type\" content=\"image\/jpeg\" \/>\n<meta name=\"author\" content=\"admin\" \/>\n<meta name=\"twitter:card\" content=\"summary_large_image\" \/>\n<meta name=\"twitter:label1\" content=\"Escrito por\" \/>\n\t<meta name=\"twitter:data1\" content=\"admin\" \/>\n\t<meta name=\"twitter:label2\" content=\"Est. tempo de leitura\" \/>\n\t<meta name=\"twitter:data2\" content=\"7 minutos\" \/>\n<script type=\"application\/ld+json\" class=\"yoast-schema-graph\">{\"@context\":\"https:\/\/schema.org\",\"@graph\":[{\"@type\":\"WebPage\",\"@id\":\"https:\/\/littletea.com.br\/blog\/2025\/04\/21\/diferencas-entre-atraso-no-desenvolvimento-e-autismo-como-identificar-e-quando-procurar-ajuda\/\",\"url\":\"https:\/\/littletea.com.br\/blog\/2025\/04\/21\/diferencas-entre-atraso-no-desenvolvimento-e-autismo-como-identificar-e-quando-procurar-ajuda\/\",\"name\":\"Autismo - Diferen\u00e7as entre Atraso no Desenvolvimento: Identificar - Little TEA\",\"isPartOf\":{\"@id\":\"https:\/\/littletea.com.br\/blog\/#website\"},\"datePublished\":\"2025-04-21T23:19:23+00:00\",\"dateModified\":\"2025-04-24T23:23:01+00:00\",\"author\":{\"@id\":\"https:\/\/littletea.com.br\/blog\/#\/schema\/person\/0bd06af445a9f4521906b1817e07fed6\"},\"description\":\"Muitos pais se deparam com a d\u00favida: \\\"Ser\u00e1 que meu filho est\u00e1 apenas com um atraso no desenvolvimento ou pode ser autismo?\\\" Essa pergunta...\",\"breadcrumb\":{\"@id\":\"https:\/\/littletea.com.br\/blog\/2025\/04\/21\/diferencas-entre-atraso-no-desenvolvimento-e-autismo-como-identificar-e-quando-procurar-ajuda\/#breadcrumb\"},\"inLanguage\":\"pt-BR\",\"potentialAction\":[{\"@type\":\"ReadAction\",\"target\":[\"https:\/\/littletea.com.br\/blog\/2025\/04\/21\/diferencas-entre-atraso-no-desenvolvimento-e-autismo-como-identificar-e-quando-procurar-ajuda\/\"]}]},{\"@type\":\"BreadcrumbList\",\"@id\":\"https:\/\/littletea.com.br\/blog\/2025\/04\/21\/diferencas-entre-atraso-no-desenvolvimento-e-autismo-como-identificar-e-quando-procurar-ajuda\/#breadcrumb\",\"itemListElement\":[{\"@type\":\"ListItem\",\"position\":1,\"name\":\"In\u00edcio\",\"item\":\"https:\/\/littletea.com.br\/blog\/\"},{\"@type\":\"ListItem\",\"position\":2,\"name\":\"Diferen\u00e7as entre atraso no desenvolvimento e autismo: como identificar e quando procurar ajuda\"}]},{\"@type\":\"WebSite\",\"@id\":\"https:\/\/littletea.com.br\/blog\/#website\",\"url\":\"https:\/\/littletea.com.br\/blog\/\",\"name\":\"Little TEA\",\"description\":\"Blog\",\"potentialAction\":[{\"@type\":\"SearchAction\",\"target\":{\"@type\":\"EntryPoint\",\"urlTemplate\":\"https:\/\/littletea.com.br\/blog\/?s={search_term_string}\"},\"query-input\":\"required name=search_term_string\"}],\"inLanguage\":\"pt-BR\"},{\"@type\":\"Person\",\"@id\":\"https:\/\/littletea.com.br\/blog\/#\/schema\/person\/0bd06af445a9f4521906b1817e07fed6\",\"name\":\"admin\",\"image\":{\"@type\":\"ImageObject\",\"inLanguage\":\"pt-BR\",\"@id\":\"https:\/\/littletea.com.br\/blog\/#\/schema\/person\/image\/\",\"url\":\"https:\/\/secure.gravatar.com\/avatar\/b07b14db293c4e66aba06a12734e39df?s=96&d=mm&r=g\",\"contentUrl\":\"https:\/\/secure.gravatar.com\/avatar\/b07b14db293c4e66aba06a12734e39df?s=96&d=mm&r=g\",\"caption\":\"admin\"},\"sameAs\":[\"https:\/\/littletea.com.br\/blog\"],\"url\":\"https:\/\/littletea.com.br\/blog\/author\/admin\/\"}]}<\/script>\n<!-- \/ Yoast SEO plugin. -->","yoast_head_json":{"title":"Autismo - Diferen\u00e7as entre Atraso no Desenvolvimento: Identificar - Little TEA","description":"Muitos pais se deparam com a d\u00favida: \"Ser\u00e1 que meu filho est\u00e1 apenas com um atraso no desenvolvimento ou pode ser autismo?\" Essa pergunta...","robots":{"index":"index","follow":"follow","max-snippet":"max-snippet:-1","max-image-preview":"max-image-preview:large","max-video-preview":"max-video-preview:-1"},"canonical":"https:\/\/littletea.com.br\/blog\/2025\/04\/21\/diferencas-entre-atraso-no-desenvolvimento-e-autismo-como-identificar-e-quando-procurar-ajuda\/","og_locale":"pt_BR","og_type":"article","og_title":"Autismo - Diferen\u00e7as entre Atraso no Desenvolvimento: Identificar - Little TEA","og_description":"Muitos pais se deparam com a d\u00favida: \"Ser\u00e1 que meu filho est\u00e1 apenas com um atraso no desenvolvimento ou pode ser autismo?\" Essa pergunta...","og_url":"https:\/\/littletea.com.br\/blog\/2025\/04\/21\/diferencas-entre-atraso-no-desenvolvimento-e-autismo-como-identificar-e-quando-procurar-ajuda\/","og_site_name":"Little TEA","article_published_time":"2025-04-21T23:19:23+00:00","article_modified_time":"2025-04-24T23:23:01+00:00","og_image":[{"width":740,"height":493,"url":"https:\/\/littletea.com.br\/blog\/wp-content\/uploads\/2025\/04\/Autismo.jpg","type":"image\/jpeg"}],"author":"admin","twitter_card":"summary_large_image","twitter_misc":{"Escrito por":"admin","Est. tempo de leitura":"7 minutos"},"schema":{"@context":"https:\/\/schema.org","@graph":[{"@type":"WebPage","@id":"https:\/\/littletea.com.br\/blog\/2025\/04\/21\/diferencas-entre-atraso-no-desenvolvimento-e-autismo-como-identificar-e-quando-procurar-ajuda\/","url":"https:\/\/littletea.com.br\/blog\/2025\/04\/21\/diferencas-entre-atraso-no-desenvolvimento-e-autismo-como-identificar-e-quando-procurar-ajuda\/","name":"Autismo - Diferen\u00e7as entre Atraso no Desenvolvimento: Identificar - Little TEA","isPartOf":{"@id":"https:\/\/littletea.com.br\/blog\/#website"},"datePublished":"2025-04-21T23:19:23+00:00","dateModified":"2025-04-24T23:23:01+00:00","author":{"@id":"https:\/\/littletea.com.br\/blog\/#\/schema\/person\/0bd06af445a9f4521906b1817e07fed6"},"description":"Muitos pais se deparam com a d\u00favida: \"Ser\u00e1 que meu filho est\u00e1 apenas com um atraso no desenvolvimento ou pode ser autismo?\" Essa pergunta...","breadcrumb":{"@id":"https:\/\/littletea.com.br\/blog\/2025\/04\/21\/diferencas-entre-atraso-no-desenvolvimento-e-autismo-como-identificar-e-quando-procurar-ajuda\/#breadcrumb"},"inLanguage":"pt-BR","potentialAction":[{"@type":"ReadAction","target":["https:\/\/littletea.com.br\/blog\/2025\/04\/21\/diferencas-entre-atraso-no-desenvolvimento-e-autismo-como-identificar-e-quando-procurar-ajuda\/"]}]},{"@type":"BreadcrumbList","@id":"https:\/\/littletea.com.br\/blog\/2025\/04\/21\/diferencas-entre-atraso-no-desenvolvimento-e-autismo-como-identificar-e-quando-procurar-ajuda\/#breadcrumb","itemListElement":[{"@type":"ListItem","position":1,"name":"In\u00edcio","item":"https:\/\/littletea.com.br\/blog\/"},{"@type":"ListItem","position":2,"name":"Diferen\u00e7as entre atraso no desenvolvimento e autismo: como identificar e quando procurar ajuda"}]},{"@type":"WebSite","@id":"https:\/\/littletea.com.br\/blog\/#website","url":"https:\/\/littletea.com.br\/blog\/","name":"Little TEA","description":"Blog","potentialAction":[{"@type":"SearchAction","target":{"@type":"EntryPoint","urlTemplate":"https:\/\/littletea.com.br\/blog\/?s={search_term_string}"},"query-input":"required name=search_term_string"}],"inLanguage":"pt-BR"},{"@type":"Person","@id":"https:\/\/littletea.com.br\/blog\/#\/schema\/person\/0bd06af445a9f4521906b1817e07fed6","name":"admin","image":{"@type":"ImageObject","inLanguage":"pt-BR","@id":"https:\/\/littletea.com.br\/blog\/#\/schema\/person\/image\/","url":"https:\/\/secure.gravatar.com\/avatar\/b07b14db293c4e66aba06a12734e39df?s=96&d=mm&r=g","contentUrl":"https:\/\/secure.gravatar.com\/avatar\/b07b14db293c4e66aba06a12734e39df?s=96&d=mm&r=g","caption":"admin"},"sameAs":["https:\/\/littletea.com.br\/blog"],"url":"https:\/\/littletea.com.br\/blog\/author\/admin\/"}]}},"_links":{"self":[{"href":"https:\/\/littletea.com.br\/blog\/wp-json\/wp\/v2\/posts\/153"}],"collection":[{"href":"https:\/\/littletea.com.br\/blog\/wp-json\/wp\/v2\/posts"}],"about":[{"href":"https:\/\/littletea.com.br\/blog\/wp-json\/wp\/v2\/types\/post"}],"author":[{"embeddable":true,"href":"https:\/\/littletea.com.br\/blog\/wp-json\/wp\/v2\/users\/1"}],"replies":[{"embeddable":true,"href":"https:\/\/littletea.com.br\/blog\/wp-json\/wp\/v2\/comments?post=153"}],"version-history":[{"count":2,"href":"https:\/\/littletea.com.br\/blog\/wp-json\/wp\/v2\/posts\/153\/revisions"}],"predecessor-version":[{"id":156,"href":"https:\/\/littletea.com.br\/blog\/wp-json\/wp\/v2\/posts\/153\/revisions\/156"}],"wp:featuredmedia":[{"embeddable":true,"href":"https:\/\/littletea.com.br\/blog\/wp-json\/wp\/v2\/media\/154"}],"wp:attachment":[{"href":"https:\/\/littletea.com.br\/blog\/wp-json\/wp\/v2\/media?parent=153"}],"wp:term":[{"taxonomy":"category","embeddable":true,"href":"https:\/\/littletea.com.br\/blog\/wp-json\/wp\/v2\/categories?post=153"},{"taxonomy":"post_tag","embeddable":true,"href":"https:\/\/littletea.com.br\/blog\/wp-json\/wp\/v2\/tags?post=153"}],"curies":[{"name":"wp","href":"https:\/\/api.w.org\/{rel}","templated":true}]}}