{"id":182,"date":"2025-06-26T22:53:21","date_gmt":"2025-06-26T22:53:21","guid":{"rendered":"https:\/\/littletea.com.br\/blog\/?p=182"},"modified":"2025-06-26T22:53:54","modified_gmt":"2025-06-26T22:53:54","slug":"sinais-de-autismo-na-primeira-infancia-quando-procurar-um-especialista","status":"publish","type":"post","link":"https:\/\/littletea.com.br\/blog\/2025\/06\/26\/sinais-de-autismo-na-primeira-infancia-quando-procurar-um-especialista\/","title":{"rendered":"Sinais de autismo na primeira inf\u00e2ncia: quando procurar um especialista?"},"content":{"rendered":"\n<p>Quando os pais percebem que algo parece diferente no desenvolvimento de seu filho \u2014 seja na fala, no olhar, no brincar ou na intera\u00e7\u00e3o \u2014 \u00e9 natural que surjam d\u00favidas, inseguran\u00e7as e muitos questionamentos. <em>\u201cSer\u00e1 que \u00e9 s\u00f3 uma fase?\u201d<\/em>, <em>\u201cCada crian\u00e7a tem seu tempo, certo?\u201d<\/em> ou ainda <em>\u201cDevo esperar mais um pouco ou procurar ajuda agora?\u201d<\/em>.<\/p>\n\n\n\n<p>A resposta que a ci\u00eancia nos traz \u00e9 clara: <strong>quanto antes identificarmos e iniciarmos a interven\u00e7\u00e3o, maiores s\u00e3o as chances de promover um desenvolvimento mais saud\u00e1vel, funcional e feliz para a crian\u00e7a.<\/strong><\/p>\n\n\n\n<p>Por isso, reconhecer os <strong>sinais de autismo na primeira inf\u00e2ncia<\/strong> \u00e9 fundamental. E, se houver qualquer suspeita, procurar um <strong>especialista em autismo<\/strong> faz toda a diferen\u00e7a.<\/p>\n\n\n\n<h2 class=\"wp-block-heading\"><a><\/a> <strong>O que \u00e9 o autismo?<\/strong><\/h2>\n\n\n\n<p>O <strong>Transtorno do Espectro Autista (TEA)<\/strong> \u00e9 um transtorno do neurodesenvolvimento caracterizado por desafios na <strong>comunica\u00e7\u00e3o<\/strong>, na <strong>intera\u00e7\u00e3o social<\/strong> e na presen\u00e7a de <strong>comportamentos repetitivos e interesses restritos<\/strong>. O TEA se manifesta de formas muito variadas, desde quadros mais sutis at\u00e9 desafios mais evidentes, por isso \u00e9 chamado de <em>espectro<\/em>.<\/p>\n\n\n\n<p>O que todos os estudos mostram \u00e9 que <strong>a interven\u00e7\u00e3o precoce<\/strong> \u2014 especialmente nos primeiros anos de vida \u2014 tem um impacto significativo no desenvolvimento das crian\u00e7as autistas.<\/p>\n\n\n\n<h2 class=\"wp-block-heading\"><a><\/a> <strong>Quais s\u00e3o os sinais de autismo na primeira inf\u00e2ncia?<\/strong><\/h2>\n\n\n\n<p>Os sinais podem variar bastante de crian\u00e7a para crian\u00e7a, mas existem alguns comportamentos que merecem aten\u00e7\u00e3o, especialmente <strong>entre 12 e 36 meses de idade<\/strong>:<\/p>\n\n\n\n<h3 class=\"wp-block-heading\"><a><\/a> \ud83d\udd0d <strong>Sinais na comunica\u00e7\u00e3o e linguagem<\/strong><\/h3>\n\n\n\n<ul>\n<li>Pouco ou nenhum balbucio at\u00e9 12 meses<br><br><\/li>\n\n\n\n<li>N\u00e3o responde quando \u00e9 chamado pelo nome<br><br><\/li>\n\n\n\n<li>Aus\u00eancia de gestos sociais como apontar, mostrar ou acenar at\u00e9 os 12-15 meses<br><br><\/li>\n\n\n\n<li>Atraso no desenvolvimento da fala e linguagem<br><br><\/li>\n\n\n\n<li>Usa a fala de forma restrita (ecolalias, repetir palavras fora de contexto) ou n\u00e3o funcional<br><br><br><\/li>\n<\/ul>\n\n\n\n<h3 class=\"wp-block-heading\"><a><\/a> \ud83e\udd1d <strong>Sinais na intera\u00e7\u00e3o social<\/strong><\/h3>\n\n\n\n<ul>\n<li>Pouco contato visual<br><br><\/li>\n\n\n\n<li>Parece preferir brincar sozinho<br><br><\/li>\n\n\n\n<li>Dificuldade em compartilhar interesses (n\u00e3o mostra brinquedos, n\u00e3o leva objetos para mostrar aos pais)<br><br><\/li>\n\n\n\n<li>Pouca ou nenhuma rea\u00e7\u00e3o quando os pais sorriem, falam ou chamam aten\u00e7\u00e3o<br><br><\/li>\n\n\n\n<li>N\u00e3o demonstra interesse em brincar de faz de conta (ex.: dar comidinha para bonecos)<br><br><br><\/li>\n<\/ul>\n\n\n\n<h3 class=\"wp-block-heading\"><a><\/a> \ud83d\udd04 <strong>Sinais comportamentais e sensoriais<\/strong><\/h3>\n\n\n\n<ul>\n<li>Movimentos repetitivos com m\u00e3os, dedos ou corpo (flapping, balan\u00e7ar, girar)<br><br><\/li>\n\n\n\n<li>Grande interesse por partes de objetos (como rodas, bot\u00f5es, luzes)<br><br><\/li>\n\n\n\n<li>Fixa\u00e7\u00e3o intensa por determinados temas ou objetos<br><br><\/li>\n\n\n\n<li>Dificuldade em lidar com mudan\u00e7as na rotina<br><br><\/li>\n\n\n\n<li>Sensibilidade aumentada ou diminu\u00edda a sons, luzes, texturas e cheiros<br><br><br><\/li>\n<\/ul>\n\n\n\n<h2 class=\"wp-block-heading\"><a><\/a> <strong>Mas e se for s\u00f3 um atraso?<\/strong><\/h2>\n\n\n\n<p>Essa \u00e9 uma d\u00favida muito comum entre as fam\u00edlias. De fato, cada crian\u00e7a tem seu tempo, mas <strong>existe uma diferen\u00e7a entre varia\u00e7\u00f5es do desenvolvimento t\u00edpico e sinais de alerta para autismo<\/strong>.<\/p>\n\n\n\n<p>Se h\u00e1 d\u00favidas, o melhor caminho nunca \u00e9 esperar. Isso porque, se n\u00e3o for autismo, uma interven\u00e7\u00e3o precoce ainda assim ajudar\u00e1 no desenvolvimento da linguagem, socializa\u00e7\u00e3o e autonomia. E, se for TEA, come\u00e7ar cedo faz toda a diferen\u00e7a.<\/p>\n\n\n\n<h2 class=\"wp-block-heading\"><a><\/a> <strong>Quando procurar um especialista em autismo?<\/strong><\/h2>\n\n\n\n<p>A recomenda\u00e7\u00e3o dos principais \u00f3rg\u00e3os de sa\u00fade, como a <strong>Sociedade Brasileira de Pediatria<\/strong>, a <strong>Organiza\u00e7\u00e3o Mundial da Sa\u00fade (OMS)<\/strong> e a <strong>American Academy of Pediatrics<\/strong>, \u00e9 clara:<\/p>\n\n\n\n<p>\ud83d\udc49 <strong>Sempre que os pais, familiares ou cuidadores tiverem alguma preocupa\u00e7\u00e3o com o desenvolvimento da crian\u00e7a.<\/strong><\/p>\n\n\n\n<p>N\u00e3o \u00e9 necess\u00e1rio esperar por um diagn\u00f3stico fechado para iniciar uma interven\u00e7\u00e3o. Ali\u00e1s, muitos profissionais j\u00e1 trabalham com um modelo chamado <strong>&#8220;risco para TEA&#8221;<\/strong>, onde a crian\u00e7a recebe suporte terap\u00eautico baseado nos sinais observados, mesmo antes de um diagn\u00f3stico formal.<\/p>\n\n\n\n<h2 class=\"wp-block-heading\"><a><\/a> <strong>Como a Little TEA pode ajudar?<\/strong><\/h2>\n\n\n\n<p>Na <strong>Little TEA<\/strong>, somos uma <strong>cl\u00ednica para autismo<\/strong> especializada no <strong>atendimento precoce<\/strong>, localizada na <strong>zona sul de S\u00e3o Paulo, em frente ao Metr\u00f4 Para\u00edso<\/strong>, com estacionamento coberto para sua comodidade.<\/p>\n\n\n\n<p>Oferecemos:<\/p>\n\n\n\n<ul>\n<li><strong>Avalia\u00e7\u00e3o do desenvolvimento infantil<\/strong>, feita por uma equipe de <strong>especialistas em autismo<br><\/strong><br><\/li>\n\n\n\n<li><strong>Terapia ABA<\/strong>, presencial e online, baseada na ci\u00eancia da An\u00e1lise do Comportamento Aplicada<br><br><\/li>\n\n\n\n<li><strong>Terapia Modelo Denver (ESDM)<\/strong>, indicada especialmente para crian\u00e7as pequenas, com foco no desenvolvimento natural por meio do brincar e da intera\u00e7\u00e3o<br><br><\/li>\n\n\n\n<li><strong>Acompanhamento terap\u00eautico individualizado<\/strong>, com programas personalizados<br><br><\/li>\n\n\n\n<li><strong>Orienta\u00e7\u00e3o parental<\/strong>, onde os pais aprendem estrat\u00e9gias pr\u00e1ticas para o dia a dia<br><br><\/li>\n\n\n\n<li><strong>Supervis\u00e3o de casos<\/strong>, com ajustes constantes dos programas conforme a evolu\u00e7\u00e3o da crian\u00e7a<br><br><br><\/li>\n<\/ul>\n\n\n\n<h2 class=\"wp-block-heading\"><a><\/a> <strong>Nossa estrutura: acolhimento, seguran\u00e7a e desenvolvimento<\/strong><\/h2>\n\n\n\n<p>Cada espa\u00e7o da <strong>Little TEA<\/strong> foi pensado para proporcionar:<\/p>\n\n\n\n<ul>\n<li>Conforto sensorial e emocional<br><br><\/li>\n\n\n\n<li>Salas adaptadas, com materiais l\u00fadicos, brinquedos e recursos que favorecem o desenvolvimento<br><br><\/li>\n\n\n\n<li>Ambientes para treino de habilidades sociais e intera\u00e7\u00e3o<br><br><\/li>\n\n\n\n<li>Uma equipe que une conhecimento t\u00e9cnico, sensibilidade e amor pelo desenvolvimento infantil<br><br><br><\/li>\n<\/ul>\n\n\n\n<h2 class=\"wp-block-heading\"><a><\/a> <strong>A import\u00e2ncia de agir cedo<\/strong><\/h2>\n\n\n\n<p>O c\u00e9rebro da crian\u00e7a, especialmente nos primeiros anos de vida, tem uma capacidade incr\u00edvel de adapta\u00e7\u00e3o e forma\u00e7\u00e3o de novas conex\u00f5es \u2014 isso se chama <strong>neuroplasticidade<\/strong>.<\/p>\n\n\n\n<p>Por isso, <strong>quanto mais cedo iniciamos a interven\u00e7\u00e3o, maiores s\u00e3o os ganhos em comunica\u00e7\u00e3o, socializa\u00e7\u00e3o, cogni\u00e7\u00e3o, regula\u00e7\u00e3o emocional e autonomia.<\/strong><\/p>\n\n\n\n<h2 class=\"wp-block-heading\"><a><\/a> <strong>Se voc\u00ea tem d\u00favidas, n\u00e3o hesite<\/strong><\/h2>\n\n\n\n<p>Se voc\u00ea percebe que seu filho:<\/p>\n\n\n\n<ul>\n<li>Tem pouco ou nenhum contato visual<br><br><\/li>\n\n\n\n<li>N\u00e3o fala ou fala muito pouco para sua idade<br><br><\/li>\n\n\n\n<li>N\u00e3o responde quando \u00e9 chamado<br><br><\/li>\n\n\n\n<li>Prefere brincar sozinho ou faz brincadeiras muito repetitivas<br><br><\/li>\n\n\n\n<li>Apresenta comportamentos sensoriais diferentes (tampa os ouvidos, evita certos sons ou texturas)<br><br><br><\/li>\n<\/ul>\n\n\n\n<p>Procure um <strong>especialista em autismo<\/strong>. A avalia\u00e7\u00e3o n\u00e3o \u00e9 um r\u00f3tulo, mas um caminho para entender, apoiar e estimular o desenvolvimento da sua crian\u00e7a.<\/p>\n\n\n\n<p>Na <strong>Little TEA<\/strong>, estamos prontos para caminhar junto com voc\u00ea e sua fam\u00edlia, oferecendo um atendimento que une <strong>ci\u00eancia, acolhimento e desenvolvimento.<\/strong><\/p>\n\n\n\n<p>Saiba Mais Sobre: <a href=\"https:\/\/littletea.com.br\/blog\/2025\/06\/23\/modelo-denver-na-pratica-como-o-brincar-se-transforma-em-aprendizado\/\">Modelo Denver na pr\u00e1tica: como o brincar se transforma em aprendizado<\/a><\/p>\n","protected":false},"excerpt":{"rendered":"<p>Quando os pais percebem que algo parece diferente no desenvolvimento de seu filho \u2014 seja na fala, no olhar, no brincar ou [&hellip;]<\/p>\n","protected":false},"author":1,"featured_media":183,"comment_status":"open","ping_status":"open","sticky":false,"template":"","format":"standard","meta":[],"categories":[9],"tags":[3,8,14,13,7,5,18,4,17],"yoast_head":"<!-- This site is optimized with the Yoast SEO plugin v21.3 - https:\/\/yoast.com\/wordpress\/plugins\/seo\/ -->\n<title>Autismo: Sinais na Primeira Inf\u00e2ncia - Quando Procura Especialista - Little TEA<\/title>\n<meta name=\"description\" content=\"Por isso, reconhecer os sinais de autismo na primeira inf\u00e2ncia \u00e9 fundamental. E, se houver qualquer suspeita, procurar um especialista...\" \/>\n<meta name=\"robots\" content=\"index, follow, max-snippet:-1, max-image-preview:large, max-video-preview:-1\" \/>\n<link rel=\"canonical\" href=\"https:\/\/littletea.com.br\/blog\/2025\/06\/26\/sinais-de-autismo-na-primeira-infancia-quando-procurar-um-especialista\/\" \/>\n<meta property=\"og:locale\" content=\"pt_BR\" \/>\n<meta property=\"og:type\" content=\"article\" \/>\n<meta property=\"og:title\" content=\"Autismo: Sinais na Primeira Inf\u00e2ncia - Quando Procura Especialista - Little TEA\" \/>\n<meta property=\"og:description\" content=\"Por isso, reconhecer os sinais de autismo na primeira inf\u00e2ncia \u00e9 fundamental. E, se houver qualquer suspeita, procurar um especialista...\" \/>\n<meta property=\"og:url\" content=\"https:\/\/littletea.com.br\/blog\/2025\/06\/26\/sinais-de-autismo-na-primeira-infancia-quando-procurar-um-especialista\/\" \/>\n<meta property=\"og:site_name\" content=\"Little TEA\" \/>\n<meta property=\"article:published_time\" content=\"2025-06-26T22:53:21+00:00\" \/>\n<meta property=\"article:modified_time\" content=\"2025-06-26T22:53:54+00:00\" \/>\n<meta property=\"og:image\" content=\"https:\/\/littletea.com.br\/blog\/wp-content\/uploads\/2025\/06\/Autismo.jpg\" \/>\n\t<meta property=\"og:image:width\" content=\"740\" \/>\n\t<meta property=\"og:image:height\" content=\"493\" \/>\n\t<meta property=\"og:image:type\" content=\"image\/jpeg\" \/>\n<meta name=\"author\" content=\"admin\" \/>\n<meta name=\"twitter:card\" content=\"summary_large_image\" \/>\n<meta name=\"twitter:label1\" content=\"Escrito por\" \/>\n\t<meta name=\"twitter:data1\" content=\"admin\" \/>\n\t<meta name=\"twitter:label2\" content=\"Est. tempo de leitura\" \/>\n\t<meta name=\"twitter:data2\" content=\"5 minutos\" \/>\n<script type=\"application\/ld+json\" class=\"yoast-schema-graph\">{\"@context\":\"https:\/\/schema.org\",\"@graph\":[{\"@type\":\"WebPage\",\"@id\":\"https:\/\/littletea.com.br\/blog\/2025\/06\/26\/sinais-de-autismo-na-primeira-infancia-quando-procurar-um-especialista\/\",\"url\":\"https:\/\/littletea.com.br\/blog\/2025\/06\/26\/sinais-de-autismo-na-primeira-infancia-quando-procurar-um-especialista\/\",\"name\":\"Autismo: Sinais na Primeira Inf\u00e2ncia - Quando Procura Especialista - Little TEA\",\"isPartOf\":{\"@id\":\"https:\/\/littletea.com.br\/blog\/#website\"},\"datePublished\":\"2025-06-26T22:53:21+00:00\",\"dateModified\":\"2025-06-26T22:53:54+00:00\",\"author\":{\"@id\":\"https:\/\/littletea.com.br\/blog\/#\/schema\/person\/0bd06af445a9f4521906b1817e07fed6\"},\"description\":\"Por isso, reconhecer os sinais de autismo na primeira inf\u00e2ncia \u00e9 fundamental. E, se houver qualquer suspeita, procurar um especialista...\",\"breadcrumb\":{\"@id\":\"https:\/\/littletea.com.br\/blog\/2025\/06\/26\/sinais-de-autismo-na-primeira-infancia-quando-procurar-um-especialista\/#breadcrumb\"},\"inLanguage\":\"pt-BR\",\"potentialAction\":[{\"@type\":\"ReadAction\",\"target\":[\"https:\/\/littletea.com.br\/blog\/2025\/06\/26\/sinais-de-autismo-na-primeira-infancia-quando-procurar-um-especialista\/\"]}]},{\"@type\":\"BreadcrumbList\",\"@id\":\"https:\/\/littletea.com.br\/blog\/2025\/06\/26\/sinais-de-autismo-na-primeira-infancia-quando-procurar-um-especialista\/#breadcrumb\",\"itemListElement\":[{\"@type\":\"ListItem\",\"position\":1,\"name\":\"In\u00edcio\",\"item\":\"https:\/\/littletea.com.br\/blog\/\"},{\"@type\":\"ListItem\",\"position\":2,\"name\":\"Sinais de autismo na primeira inf\u00e2ncia: quando procurar um especialista?\"}]},{\"@type\":\"WebSite\",\"@id\":\"https:\/\/littletea.com.br\/blog\/#website\",\"url\":\"https:\/\/littletea.com.br\/blog\/\",\"name\":\"Little TEA\",\"description\":\"Blog\",\"potentialAction\":[{\"@type\":\"SearchAction\",\"target\":{\"@type\":\"EntryPoint\",\"urlTemplate\":\"https:\/\/littletea.com.br\/blog\/?s={search_term_string}\"},\"query-input\":\"required name=search_term_string\"}],\"inLanguage\":\"pt-BR\"},{\"@type\":\"Person\",\"@id\":\"https:\/\/littletea.com.br\/blog\/#\/schema\/person\/0bd06af445a9f4521906b1817e07fed6\",\"name\":\"admin\",\"image\":{\"@type\":\"ImageObject\",\"inLanguage\":\"pt-BR\",\"@id\":\"https:\/\/littletea.com.br\/blog\/#\/schema\/person\/image\/\",\"url\":\"https:\/\/secure.gravatar.com\/avatar\/b07b14db293c4e66aba06a12734e39df?s=96&d=mm&r=g\",\"contentUrl\":\"https:\/\/secure.gravatar.com\/avatar\/b07b14db293c4e66aba06a12734e39df?s=96&d=mm&r=g\",\"caption\":\"admin\"},\"sameAs\":[\"https:\/\/littletea.com.br\/blog\"],\"url\":\"https:\/\/littletea.com.br\/blog\/author\/admin\/\"}]}<\/script>\n<!-- \/ Yoast SEO plugin. -->","yoast_head_json":{"title":"Autismo: Sinais na Primeira Inf\u00e2ncia - Quando Procura Especialista - Little TEA","description":"Por isso, reconhecer os sinais de autismo na primeira inf\u00e2ncia \u00e9 fundamental. E, se houver qualquer suspeita, procurar um especialista...","robots":{"index":"index","follow":"follow","max-snippet":"max-snippet:-1","max-image-preview":"max-image-preview:large","max-video-preview":"max-video-preview:-1"},"canonical":"https:\/\/littletea.com.br\/blog\/2025\/06\/26\/sinais-de-autismo-na-primeira-infancia-quando-procurar-um-especialista\/","og_locale":"pt_BR","og_type":"article","og_title":"Autismo: Sinais na Primeira Inf\u00e2ncia - Quando Procura Especialista - Little TEA","og_description":"Por isso, reconhecer os sinais de autismo na primeira inf\u00e2ncia \u00e9 fundamental. E, se houver qualquer suspeita, procurar um especialista...","og_url":"https:\/\/littletea.com.br\/blog\/2025\/06\/26\/sinais-de-autismo-na-primeira-infancia-quando-procurar-um-especialista\/","og_site_name":"Little TEA","article_published_time":"2025-06-26T22:53:21+00:00","article_modified_time":"2025-06-26T22:53:54+00:00","og_image":[{"width":740,"height":493,"url":"https:\/\/littletea.com.br\/blog\/wp-content\/uploads\/2025\/06\/Autismo.jpg","type":"image\/jpeg"}],"author":"admin","twitter_card":"summary_large_image","twitter_misc":{"Escrito por":"admin","Est. tempo de leitura":"5 minutos"},"schema":{"@context":"https:\/\/schema.org","@graph":[{"@type":"WebPage","@id":"https:\/\/littletea.com.br\/blog\/2025\/06\/26\/sinais-de-autismo-na-primeira-infancia-quando-procurar-um-especialista\/","url":"https:\/\/littletea.com.br\/blog\/2025\/06\/26\/sinais-de-autismo-na-primeira-infancia-quando-procurar-um-especialista\/","name":"Autismo: Sinais na Primeira Inf\u00e2ncia - Quando Procura Especialista - Little TEA","isPartOf":{"@id":"https:\/\/littletea.com.br\/blog\/#website"},"datePublished":"2025-06-26T22:53:21+00:00","dateModified":"2025-06-26T22:53:54+00:00","author":{"@id":"https:\/\/littletea.com.br\/blog\/#\/schema\/person\/0bd06af445a9f4521906b1817e07fed6"},"description":"Por isso, reconhecer os sinais de autismo na primeira inf\u00e2ncia \u00e9 fundamental. E, se houver qualquer suspeita, procurar um especialista...","breadcrumb":{"@id":"https:\/\/littletea.com.br\/blog\/2025\/06\/26\/sinais-de-autismo-na-primeira-infancia-quando-procurar-um-especialista\/#breadcrumb"},"inLanguage":"pt-BR","potentialAction":[{"@type":"ReadAction","target":["https:\/\/littletea.com.br\/blog\/2025\/06\/26\/sinais-de-autismo-na-primeira-infancia-quando-procurar-um-especialista\/"]}]},{"@type":"BreadcrumbList","@id":"https:\/\/littletea.com.br\/blog\/2025\/06\/26\/sinais-de-autismo-na-primeira-infancia-quando-procurar-um-especialista\/#breadcrumb","itemListElement":[{"@type":"ListItem","position":1,"name":"In\u00edcio","item":"https:\/\/littletea.com.br\/blog\/"},{"@type":"ListItem","position":2,"name":"Sinais de autismo na primeira inf\u00e2ncia: quando procurar um especialista?"}]},{"@type":"WebSite","@id":"https:\/\/littletea.com.br\/blog\/#website","url":"https:\/\/littletea.com.br\/blog\/","name":"Little TEA","description":"Blog","potentialAction":[{"@type":"SearchAction","target":{"@type":"EntryPoint","urlTemplate":"https:\/\/littletea.com.br\/blog\/?s={search_term_string}"},"query-input":"required name=search_term_string"}],"inLanguage":"pt-BR"},{"@type":"Person","@id":"https:\/\/littletea.com.br\/blog\/#\/schema\/person\/0bd06af445a9f4521906b1817e07fed6","name":"admin","image":{"@type":"ImageObject","inLanguage":"pt-BR","@id":"https:\/\/littletea.com.br\/blog\/#\/schema\/person\/image\/","url":"https:\/\/secure.gravatar.com\/avatar\/b07b14db293c4e66aba06a12734e39df?s=96&d=mm&r=g","contentUrl":"https:\/\/secure.gravatar.com\/avatar\/b07b14db293c4e66aba06a12734e39df?s=96&d=mm&r=g","caption":"admin"},"sameAs":["https:\/\/littletea.com.br\/blog"],"url":"https:\/\/littletea.com.br\/blog\/author\/admin\/"}]}},"_links":{"self":[{"href":"https:\/\/littletea.com.br\/blog\/wp-json\/wp\/v2\/posts\/182"}],"collection":[{"href":"https:\/\/littletea.com.br\/blog\/wp-json\/wp\/v2\/posts"}],"about":[{"href":"https:\/\/littletea.com.br\/blog\/wp-json\/wp\/v2\/types\/post"}],"author":[{"embeddable":true,"href":"https:\/\/littletea.com.br\/blog\/wp-json\/wp\/v2\/users\/1"}],"replies":[{"embeddable":true,"href":"https:\/\/littletea.com.br\/blog\/wp-json\/wp\/v2\/comments?post=182"}],"version-history":[{"count":2,"href":"https:\/\/littletea.com.br\/blog\/wp-json\/wp\/v2\/posts\/182\/revisions"}],"predecessor-version":[{"id":185,"href":"https:\/\/littletea.com.br\/blog\/wp-json\/wp\/v2\/posts\/182\/revisions\/185"}],"wp:featuredmedia":[{"embeddable":true,"href":"https:\/\/littletea.com.br\/blog\/wp-json\/wp\/v2\/media\/183"}],"wp:attachment":[{"href":"https:\/\/littletea.com.br\/blog\/wp-json\/wp\/v2\/media?parent=182"}],"wp:term":[{"taxonomy":"category","embeddable":true,"href":"https:\/\/littletea.com.br\/blog\/wp-json\/wp\/v2\/categories?post=182"},{"taxonomy":"post_tag","embeddable":true,"href":"https:\/\/littletea.com.br\/blog\/wp-json\/wp\/v2\/tags?post=182"}],"curies":[{"name":"wp","href":"https:\/\/api.w.org\/{rel}","templated":true}]}}