{"id":190,"date":"2025-07-22T21:28:00","date_gmt":"2025-07-22T21:28:00","guid":{"rendered":"https:\/\/littletea.com.br\/blog\/?p=190"},"modified":"2025-08-04T21:30:01","modified_gmt":"2025-08-04T21:30:01","slug":"diferenca-entre-atraso-no-desenvolvimento-e-autismo-quando-e-so-uma-fase","status":"publish","type":"post","link":"https:\/\/littletea.com.br\/blog\/2025\/07\/22\/diferenca-entre-atraso-no-desenvolvimento-e-autismo-quando-e-so-uma-fase\/","title":{"rendered":"Diferen\u00e7a entre atraso no desenvolvimento e autismo: quando \u00e9 s\u00f3 uma fase?"},"content":{"rendered":"\n<p>Essas s\u00e3o d\u00favidas comuns, profundamente humanas, que surgem quando os pais percebem algo diferente no desenvolvimento de seus filhos. E, muitas vezes, essa ang\u00fastia vem acompanhada da esperan\u00e7a de que \u201cseja s\u00f3 uma fase\u201d. Mas como saber?<\/p>\n\n\n\n<p>Na <strong>Little TEA<\/strong>, <strong>cl\u00ednica para autismo<\/strong> localizada em frente ao Metr\u00f4 Para\u00edso, na zona sul de S\u00e3o Paulo, recebemos diariamente fam\u00edlias com essas mesmas perguntas. E nossa resposta sempre come\u00e7a com acolhimento e informa\u00e7\u00e3o. Porque entender a diferen\u00e7a entre <strong>atraso no desenvolvimento<\/strong> e <strong>autismo<\/strong> \u00e9 o primeiro passo para ajudar a crian\u00e7a a alcan\u00e7ar seu potencial.<\/p>\n\n\n\n<h2 class=\"wp-block-heading\"><a><\/a> <strong>Desenvolvimento infantil: o que \u00e9 esperado em cada fase?<\/strong><\/h2>\n\n\n\n<p>Cada crian\u00e7a tem seu pr\u00f3prio ritmo. Algumas andam mais cedo, outras falam depois. Mas existem <strong>marcos do desenvolvimento<\/strong> que funcionam como guias para entender se o progresso est\u00e1 dentro do esperado. Esses marcos envolvem:<\/p>\n\n\n\n<ul>\n<li>Comunica\u00e7\u00e3o (balbuciar, apontar, falar)<br><br><\/li>\n\n\n\n<li>Intera\u00e7\u00e3o social (responder ao nome, manter contato visual, imitar)<br><br><\/li>\n\n\n\n<li>Cogni\u00e7\u00e3o (brincadeiras, curiosidade, resolver problemas simples)<br><br><\/li>\n\n\n\n<li>Coordena\u00e7\u00e3o motora (rolar, sentar, andar, manipular objetos)<br><br><br><\/li>\n<\/ul>\n\n\n\n<p>Quando uma ou mais dessas \u00e1reas apresentam atrasos significativos \u2014 ou padr\u00f5es diferentes do esperado \u2014, \u00e9 hora de investigar.<\/p>\n\n\n\n<h2 class=\"wp-block-heading\"><a><\/a> <strong>Atraso no desenvolvimento: o que significa?<\/strong><\/h2>\n\n\n\n<p>O <strong>atraso no desenvolvimento<\/strong> acontece quando a crian\u00e7a n\u00e3o atinge um marco esperado para a sua idade, mas <strong>mant\u00e9m uma progress\u00e3o cont\u00ednua<\/strong> e, muitas vezes, se desenvolve com um pequeno \u201cempurr\u00e3ozinho\u201d.<\/p>\n\n\n\n<p>Esse atraso pode estar relacionado a:<\/p>\n\n\n\n<ul>\n<li>Fatores ambientais (pouca estimula\u00e7\u00e3o, excesso de telas)<br><br><\/li>\n\n\n\n<li>Fatores biol\u00f3gicos (prematuridade, infec\u00e7\u00f5es, s\u00edndromes gen\u00e9ticas)<br><br><\/li>\n\n\n\n<li>Dificuldades auditivas ou motoras<br><br><br><\/li>\n<\/ul>\n\n\n\n<p>Em muitos casos, o atraso \u00e9 <strong>transit\u00f3rio<\/strong> e a crian\u00e7a \u201calcan\u00e7a\u201d os marcos esperados com o tempo, principalmente quando recebe est\u00edmulos adequados.<\/p>\n\n\n\n<p>Mas \u00e9 importante saber: mesmo que o atraso <strong>n\u00e3o seja autismo<\/strong>, <strong>ele ainda exige aten\u00e7\u00e3o e interven\u00e7\u00e3o<\/strong>. O desenvolvimento infantil \u00e9 uma janela preciosa, e esperar demais pode significar perder oportunidades valiosas de crescimento.<\/p>\n\n\n\n<h2 class=\"wp-block-heading\"><a><\/a> <strong>E o que \u00e9 o autismo?<\/strong><\/h2>\n\n\n\n<p>O <strong>Transtorno do Espectro Autista (TEA)<\/strong> \u00e9 uma condi\u00e7\u00e3o do neurodesenvolvimento que afeta a forma como a crian\u00e7a se comunica, interage socialmente e se comporta. Diferente de um atraso isolado, o autismo costuma envolver <strong>um conjunto de caracter\u00edsticas<\/strong>, como:<\/p>\n\n\n\n<ul>\n<li>Pouco contato visual<br><br><\/li>\n\n\n\n<li>Dificuldade em interagir com outras pessoas<br><br><\/li>\n\n\n\n<li>Repeti\u00e7\u00e3o de comportamentos ou interesses restritos<br><br><\/li>\n\n\n\n<li>Atraso na fala e na comunica\u00e7\u00e3o funcional<br><br><\/li>\n\n\n\n<li>Dificuldade de compreender e usar gestos (como apontar)<br><br><\/li>\n\n\n\n<li>Prefer\u00eancia por brincar sozinho ou com objetos de forma repetitiva<br><br><\/li>\n\n\n\n<li>Rea\u00e7\u00f5es intensas a sons, cheiros ou texturas<br><br><br><\/li>\n<\/ul>\n\n\n\n<p>Essas caracter\u00edsticas variam de intensidade e forma \u2014 por isso falamos em <strong>espectro<\/strong>. Algumas crian\u00e7as s\u00e3o n\u00e3o verbais e precisam de suporte intensivo; outras falam, mas t\u00eam dificuldades de compreender regras sociais ou lidar com mudan\u00e7as.<\/p>\n\n\n\n<h2 class=\"wp-block-heading\"><a><\/a> <strong>Atraso ou autismo: como diferenciar?<\/strong><\/h2>\n\n\n\n<p>Essa \u00e9 uma pergunta complexa, que deve ser respondida com base em <strong>avalia\u00e7\u00f5es cl\u00ednicas especializadas<\/strong>. Mas h\u00e1 alguns sinais que ajudam a orientar os pais:<\/p>\n\n\n\n<figure class=\"wp-block-table\"><table><tbody><tr><td><strong>Comportamento<\/strong><\/td><td><strong>Atraso no Desenvolvimento<\/strong><\/td><td><strong>Autismo<\/strong><\/td><\/tr><tr><td>Comunica\u00e7\u00e3o verbal<\/td><td>Atraso na fala, mas busca interagir (aponta, olha, tenta se comunicar)<\/td><td>Pouco uso funcional da comunica\u00e7\u00e3o, mesmo com palavras<\/td><\/tr><tr><td>Contato visual<\/td><td>Presente, mesmo que t\u00edmido<\/td><td>Muito reduzido ou ausente<\/td><\/tr><tr><td>Interesse social<\/td><td>Gosta de outras crian\u00e7as, busca adultos<\/td><td>Prefere brincar sozinho, pouca reciprocidade<\/td><\/tr><tr><td>Resposta ao nome<\/td><td>Responde quando chamado<\/td><td>Pode n\u00e3o reagir mesmo repetidamente<\/td><\/tr><tr><td>Brincar simb\u00f3lico (faz de conta)<\/td><td>Come\u00e7a a surgir com incentivo<\/td><td>Pouco interesse ou aus\u00eancia desse tipo de brincar<\/td><\/tr><tr><td>Imitar a\u00e7\u00f5es dos outros<\/td><td>Presente<\/td><td>Pouco ou nenhum interesse em imitar<\/td><\/tr><tr><td>Repeti\u00e7\u00f5es e estereotipias<\/td><td>Raras<\/td><td>Comuns (balan\u00e7ar m\u00e3os, girar objetos, repetir frases)<\/td><\/tr><\/tbody><\/table><\/figure>\n\n\n\n<p>Mesmo quando a diferen\u00e7a parece sutil, \u00e9 essencial buscar avalia\u00e7\u00e3o com um <strong>especialista em autismo<\/strong>, que possa observar os comportamentos da crian\u00e7a em diversos contextos e aplicar protocolos espec\u00edficos.<\/p>\n\n\n\n<h2 class=\"wp-block-heading\"><a><\/a> <strong>O papel da interven\u00e7\u00e3o precoce: independentemente do nome<\/strong><\/h2>\n\n\n\n<p>Uma d\u00favida comum entre os pais \u00e9: <strong>\u201cMas e se n\u00e3o for autismo? E se for s\u00f3 um atraso?\u201d<\/strong><\/p>\n\n\n\n<p>A resposta \u00e9: <strong>quanto antes come\u00e7armos a intervir, melhor \u2014 seja qual for o diagn\u00f3stico<\/strong>.<\/p>\n\n\n\n<p>A <strong>interven\u00e7\u00e3o precoce<\/strong> n\u00e3o precisa (e n\u00e3o deve) esperar um r\u00f3tulo. Se a crian\u00e7a apresenta sinais de atraso ou dificuldades, ela <strong>pode e deve ser estimulada<\/strong> com estrat\u00e9gias baseadas em ci\u00eancia.<\/p>\n\n\n\n<p>Na <strong>Little TEA<\/strong>, oferecemos:<\/p>\n\n\n\n<ul>\n<li><strong>Terapia ABA presencial e online<br><\/strong><br><\/li>\n\n\n\n<li><strong>Terapia Modelo Denver (ESDM)<br><\/strong><br><\/li>\n\n\n\n<li><strong>Orienta\u00e7\u00e3o parental<br><\/strong><br><\/li>\n\n\n\n<li><strong>Acompanhamento terap\u00eautico individual<br><\/strong><br><\/li>\n\n\n\n<li><strong>Supervis\u00e3o de casos por especialistas<br><\/strong><br><br><\/li>\n<\/ul>\n\n\n\n<p>Essas abordagens s\u00e3o personalizadas de acordo com o perfil da crian\u00e7a, respeitando suas caracter\u00edsticas e necessidades \u2014 seja ela diagnosticada com autismo ou n\u00e3o.<\/p>\n\n\n\n<h2 class=\"wp-block-heading\"><a><\/a> <strong>Terapia ABA: estrutura e aprendizado para todos os perfis<\/strong><\/h2>\n\n\n\n<p>A <strong>Terapia ABA (An\u00e1lise do Comportamento Aplicada)<\/strong> \u00e9 considerada o padr\u00e3o-ouro para o tratamento do autismo, mas tamb\u00e9m \u00e9 amplamente utilizada em outros casos de atraso no desenvolvimento.<\/p>\n\n\n\n<p>Ela funciona por meio de:<\/p>\n\n\n\n<ul>\n<li><strong>An\u00e1lise funcional<\/strong> dos comportamentos<br><br><\/li>\n\n\n\n<li><strong>Refor\u00e7o positivo<\/strong> para incentivar habilidades desejadas<br><br><\/li>\n\n\n\n<li><strong>Ensino estruturado<\/strong> em pequenas etapas<br><br><\/li>\n\n\n\n<li><strong>Generaliza\u00e7\u00e3o<\/strong> das aprendizagens para diferentes contextos<br><br><br><\/li>\n<\/ul>\n\n\n\n<p>Em crian\u00e7as com atraso de linguagem, dificuldades de aten\u00e7\u00e3o, pouca iniciativa de intera\u00e7\u00e3o ou desafios para seguir instru\u00e7\u00f5es, a <strong>Terapia ABA<\/strong> ajuda a construir um caminho s\u00f3lido de desenvolvimento, com ganhos vis\u00edveis e mensur\u00e1veis.<\/p>\n\n\n\n<h2 class=\"wp-block-heading\"><a><\/a> <strong>Modelo Denver: v\u00ednculo e brincadeira no centro da interven\u00e7\u00e3o<\/strong><\/h2>\n\n\n\n<p>J\u00e1 o <strong>Modelo Denver (ESDM)<\/strong> \u00e9 especialmente indicado para crian\u00e7as pequenas (at\u00e9 5 anos) e combina os princ\u00edpios da ABA com um enfoque no <strong>desenvolvimento t\u00edpico<\/strong> e no <strong>engajamento social<\/strong>.<\/p>\n\n\n\n<p>Ideal tanto para autismo quanto para atrasos em linguagem e intera\u00e7\u00e3o, o Denver utiliza:<\/p>\n\n\n\n<ul>\n<li><strong>Brincadeiras estruturadas e afetuosas<br><\/strong><br><\/li>\n\n\n\n<li><strong>Intera\u00e7\u00f5es naturais<\/strong> com base nos interesses da crian\u00e7a<br><br><\/li>\n\n\n\n<li>Est\u00edmulos de linguagem, aten\u00e7\u00e3o conjunta e reciprocidade social<br><br><\/li>\n\n\n\n<li>Trabalho conjunto com a fam\u00edlia<br><br><br><\/li>\n<\/ul>\n\n\n\n<p><strong>Na Little TEA<\/strong>, essa abordagem \u00e9 aplicada em ambientes l\u00fadicos, com salas adaptadas, materiais atrativos e profissionais que se conectam verdadeiramente com cada crian\u00e7a.<\/p>\n\n\n\n<h2 class=\"wp-block-heading\"><a><\/a> <strong>A import\u00e2ncia da avalia\u00e7\u00e3o multidisciplinar<\/strong><\/h2>\n\n\n\n<p>Nem sempre \u00e9 poss\u00edvel \u201cfechar\u201d um diagn\u00f3stico em uma \u00fanica consulta \u2014 e tudo bem. O desenvolvimento \u00e9 din\u00e2mico, e algumas crian\u00e7as precisam de um tempo de observa\u00e7\u00e3o mais longo. Por isso, \u00e9 fundamental contar com uma <strong>equipe multidisciplinar<\/strong> que possa acompanhar a crian\u00e7a de forma integrada.<\/p>\n\n\n\n<p>Na <strong>Little TEA<\/strong>, cada caso \u00e9 supervisionado por profissionais com forma\u00e7\u00e3o em:<\/p>\n\n\n\n<ul>\n<li><strong>Autismo<br><\/strong><br><\/li>\n\n\n\n<li><strong>Desenvolvimento infantil<br><\/strong><br><\/li>\n\n\n\n<li><strong>An\u00e1lise do Comportamento Aplicada (ABA)<br><\/strong><br><\/li>\n\n\n\n<li><strong>Modelo Denver<br><\/strong><br><\/li>\n\n\n\n<li><strong>Psicologia, Fonoaudiologia e Terapia Ocupacional<br><\/strong><br><br><\/li>\n<\/ul>\n\n\n\n<p>Essa vis\u00e3o ampla permite identificar n\u00e3o apenas a presen\u00e7a de autismo, mas outros fatores que podem impactar o desenvolvimento \u2014 e, o mais importante, elaborar um plano terap\u00eautico eficiente, carinhoso e individualizado.<\/p>\n\n\n\n<h2 class=\"wp-block-heading\"><a><\/a> <strong>Quando procurar uma cl\u00ednica para autismo?<\/strong><\/h2>\n\n\n\n<p>Voc\u00ea pode procurar uma <strong>cl\u00ednica para autismo<\/strong> sempre que notar sinais como:<\/p>\n\n\n\n<ul>\n<li>Atraso ou aus\u00eancia na fala<br><br><\/li>\n\n\n\n<li>Falta de interesse por outras pessoas<br><br><\/li>\n\n\n\n<li>Pouco contato visual<br><br><\/li>\n\n\n\n<li>Dificuldade em seguir instru\u00e7\u00f5es simples<br><br><\/li>\n\n\n\n<li>Comportamentos repetitivos ou incomuns<br><br><\/li>\n\n\n\n<li>Irritabilidade intensa diante de mudan\u00e7as<br><br><\/li>\n\n\n\n<li>Falta de resposta ao nome<br><br><br><\/li>\n<\/ul>\n\n\n\n<p>Mesmo que o diagn\u00f3stico ainda n\u00e3o tenha sido feito, \u00e9 poss\u00edvel (e recomend\u00e1vel) iniciar uma avalia\u00e7\u00e3o com profissionais especializados.<\/p>\n\n\n\n<p>Na <strong>Little TEA<\/strong>, recebemos fam\u00edlias com e sem diagn\u00f3stico fechado. Nosso foco n\u00e3o \u00e9 rotular \u2014 \u00e9 <strong>acolher, avaliar e intervir com afeto e ci\u00eancia<\/strong>.<\/p>\n\n\n\n<p><strong>Nem todo atraso \u00e9 autismo. E nem todo autismo se revela com clareza logo no in\u00edcio.<br><\/strong> Por isso, o mais importante \u00e9 estar atento, confiar na sua intui\u00e7\u00e3o como m\u00e3e, pai ou cuidador \u2014 e buscar ajuda especializada o quanto antes.<\/p>\n\n\n\n<p>A <strong>Little TEA<\/strong> est\u00e1 aqui para caminhar com voc\u00ea e com sua crian\u00e7a desde os primeiros sinais, oferecendo um espa\u00e7o seguro, acolhedor e cheio de possibilidades para o desenvolvimento florescer.<\/p>\n","protected":false},"excerpt":{"rendered":"<p>Essas s\u00e3o d\u00favidas comuns, profundamente humanas, que surgem quando os pais percebem algo diferente no desenvolvimento de seus filhos. E, muitas vezes, [&hellip;]<\/p>\n","protected":false},"author":1,"featured_media":191,"comment_status":"open","ping_status":"open","sticky":false,"template":"","format":"standard","meta":[],"categories":[9],"tags":[12,3,8,14,13,7,5,18,4,17,11],"yoast_head":"<!-- This site is optimized with the Yoast SEO plugin v21.3 - https:\/\/yoast.com\/wordpress\/plugins\/seo\/ -->\n<title>Autismo: Diferen\u00e7a entre atraso no desenvolvimento e autismo: quando \u00e9 s\u00f3 uma fase? - Little TEA<\/title>\n<meta name=\"description\" content=\"Na Little TEA, cl\u00ednica para autismo localizada em frente ao Metr\u00f4 Para\u00edso, na zona sul de S\u00e3o Paulo, recebemos diariamente fam\u00edlias com...\" \/>\n<meta name=\"robots\" content=\"index, follow, max-snippet:-1, max-image-preview:large, max-video-preview:-1\" \/>\n<link rel=\"canonical\" href=\"https:\/\/littletea.com.br\/blog\/2025\/07\/22\/diferenca-entre-atraso-no-desenvolvimento-e-autismo-quando-e-so-uma-fase\/\" \/>\n<meta property=\"og:locale\" content=\"pt_BR\" \/>\n<meta property=\"og:type\" content=\"article\" \/>\n<meta property=\"og:title\" content=\"Autismo: Diferen\u00e7a entre atraso no desenvolvimento e autismo: quando \u00e9 s\u00f3 uma fase? - Little TEA\" \/>\n<meta property=\"og:description\" content=\"Na Little TEA, cl\u00ednica para autismo localizada em frente ao Metr\u00f4 Para\u00edso, na zona sul de S\u00e3o Paulo, recebemos diariamente fam\u00edlias com...\" \/>\n<meta property=\"og:url\" content=\"https:\/\/littletea.com.br\/blog\/2025\/07\/22\/diferenca-entre-atraso-no-desenvolvimento-e-autismo-quando-e-so-uma-fase\/\" \/>\n<meta property=\"og:site_name\" content=\"Little TEA\" \/>\n<meta property=\"article:published_time\" content=\"2025-07-22T21:28:00+00:00\" \/>\n<meta property=\"article:modified_time\" content=\"2025-08-04T21:30:01+00:00\" \/>\n<meta property=\"og:image\" content=\"https:\/\/littletea.com.br\/blog\/wp-content\/uploads\/2025\/08\/Autismo-1.jpg\" \/>\n\t<meta property=\"og:image:width\" content=\"740\" \/>\n\t<meta property=\"og:image:height\" content=\"441\" \/>\n\t<meta property=\"og:image:type\" content=\"image\/jpeg\" \/>\n<meta name=\"author\" content=\"admin\" \/>\n<meta name=\"twitter:card\" content=\"summary_large_image\" \/>\n<meta name=\"twitter:label1\" content=\"Escrito por\" \/>\n\t<meta name=\"twitter:data1\" content=\"admin\" \/>\n\t<meta name=\"twitter:label2\" content=\"Est. tempo de leitura\" \/>\n\t<meta name=\"twitter:data2\" content=\"7 minutos\" \/>\n<script type=\"application\/ld+json\" class=\"yoast-schema-graph\">{\"@context\":\"https:\/\/schema.org\",\"@graph\":[{\"@type\":\"WebPage\",\"@id\":\"https:\/\/littletea.com.br\/blog\/2025\/07\/22\/diferenca-entre-atraso-no-desenvolvimento-e-autismo-quando-e-so-uma-fase\/\",\"url\":\"https:\/\/littletea.com.br\/blog\/2025\/07\/22\/diferenca-entre-atraso-no-desenvolvimento-e-autismo-quando-e-so-uma-fase\/\",\"name\":\"Autismo: Diferen\u00e7a entre atraso no desenvolvimento e autismo: quando \u00e9 s\u00f3 uma fase? - Little TEA\",\"isPartOf\":{\"@id\":\"https:\/\/littletea.com.br\/blog\/#website\"},\"datePublished\":\"2025-07-22T21:28:00+00:00\",\"dateModified\":\"2025-08-04T21:30:01+00:00\",\"author\":{\"@id\":\"https:\/\/littletea.com.br\/blog\/#\/schema\/person\/0bd06af445a9f4521906b1817e07fed6\"},\"description\":\"Na Little TEA, cl\u00ednica para autismo localizada em frente ao Metr\u00f4 Para\u00edso, na zona sul de S\u00e3o Paulo, recebemos diariamente fam\u00edlias com...\",\"breadcrumb\":{\"@id\":\"https:\/\/littletea.com.br\/blog\/2025\/07\/22\/diferenca-entre-atraso-no-desenvolvimento-e-autismo-quando-e-so-uma-fase\/#breadcrumb\"},\"inLanguage\":\"pt-BR\",\"potentialAction\":[{\"@type\":\"ReadAction\",\"target\":[\"https:\/\/littletea.com.br\/blog\/2025\/07\/22\/diferenca-entre-atraso-no-desenvolvimento-e-autismo-quando-e-so-uma-fase\/\"]}]},{\"@type\":\"BreadcrumbList\",\"@id\":\"https:\/\/littletea.com.br\/blog\/2025\/07\/22\/diferenca-entre-atraso-no-desenvolvimento-e-autismo-quando-e-so-uma-fase\/#breadcrumb\",\"itemListElement\":[{\"@type\":\"ListItem\",\"position\":1,\"name\":\"In\u00edcio\",\"item\":\"https:\/\/littletea.com.br\/blog\/\"},{\"@type\":\"ListItem\",\"position\":2,\"name\":\"Diferen\u00e7a entre atraso no desenvolvimento e autismo: quando \u00e9 s\u00f3 uma fase?\"}]},{\"@type\":\"WebSite\",\"@id\":\"https:\/\/littletea.com.br\/blog\/#website\",\"url\":\"https:\/\/littletea.com.br\/blog\/\",\"name\":\"Little TEA\",\"description\":\"Blog\",\"potentialAction\":[{\"@type\":\"SearchAction\",\"target\":{\"@type\":\"EntryPoint\",\"urlTemplate\":\"https:\/\/littletea.com.br\/blog\/?s={search_term_string}\"},\"query-input\":\"required name=search_term_string\"}],\"inLanguage\":\"pt-BR\"},{\"@type\":\"Person\",\"@id\":\"https:\/\/littletea.com.br\/blog\/#\/schema\/person\/0bd06af445a9f4521906b1817e07fed6\",\"name\":\"admin\",\"image\":{\"@type\":\"ImageObject\",\"inLanguage\":\"pt-BR\",\"@id\":\"https:\/\/littletea.com.br\/blog\/#\/schema\/person\/image\/\",\"url\":\"https:\/\/secure.gravatar.com\/avatar\/b07b14db293c4e66aba06a12734e39df?s=96&d=mm&r=g\",\"contentUrl\":\"https:\/\/secure.gravatar.com\/avatar\/b07b14db293c4e66aba06a12734e39df?s=96&d=mm&r=g\",\"caption\":\"admin\"},\"sameAs\":[\"https:\/\/littletea.com.br\/blog\"],\"url\":\"https:\/\/littletea.com.br\/blog\/author\/admin\/\"}]}<\/script>\n<!-- \/ Yoast SEO plugin. -->","yoast_head_json":{"title":"Autismo: Diferen\u00e7a entre atraso no desenvolvimento e autismo: quando \u00e9 s\u00f3 uma fase? - Little TEA","description":"Na Little TEA, cl\u00ednica para autismo localizada em frente ao Metr\u00f4 Para\u00edso, na zona sul de S\u00e3o Paulo, recebemos diariamente fam\u00edlias com...","robots":{"index":"index","follow":"follow","max-snippet":"max-snippet:-1","max-image-preview":"max-image-preview:large","max-video-preview":"max-video-preview:-1"},"canonical":"https:\/\/littletea.com.br\/blog\/2025\/07\/22\/diferenca-entre-atraso-no-desenvolvimento-e-autismo-quando-e-so-uma-fase\/","og_locale":"pt_BR","og_type":"article","og_title":"Autismo: Diferen\u00e7a entre atraso no desenvolvimento e autismo: quando \u00e9 s\u00f3 uma fase? - Little TEA","og_description":"Na Little TEA, cl\u00ednica para autismo localizada em frente ao Metr\u00f4 Para\u00edso, na zona sul de S\u00e3o Paulo, recebemos diariamente fam\u00edlias com...","og_url":"https:\/\/littletea.com.br\/blog\/2025\/07\/22\/diferenca-entre-atraso-no-desenvolvimento-e-autismo-quando-e-so-uma-fase\/","og_site_name":"Little TEA","article_published_time":"2025-07-22T21:28:00+00:00","article_modified_time":"2025-08-04T21:30:01+00:00","og_image":[{"width":740,"height":441,"url":"https:\/\/littletea.com.br\/blog\/wp-content\/uploads\/2025\/08\/Autismo-1.jpg","type":"image\/jpeg"}],"author":"admin","twitter_card":"summary_large_image","twitter_misc":{"Escrito por":"admin","Est. tempo de leitura":"7 minutos"},"schema":{"@context":"https:\/\/schema.org","@graph":[{"@type":"WebPage","@id":"https:\/\/littletea.com.br\/blog\/2025\/07\/22\/diferenca-entre-atraso-no-desenvolvimento-e-autismo-quando-e-so-uma-fase\/","url":"https:\/\/littletea.com.br\/blog\/2025\/07\/22\/diferenca-entre-atraso-no-desenvolvimento-e-autismo-quando-e-so-uma-fase\/","name":"Autismo: Diferen\u00e7a entre atraso no desenvolvimento e autismo: quando \u00e9 s\u00f3 uma fase? - Little TEA","isPartOf":{"@id":"https:\/\/littletea.com.br\/blog\/#website"},"datePublished":"2025-07-22T21:28:00+00:00","dateModified":"2025-08-04T21:30:01+00:00","author":{"@id":"https:\/\/littletea.com.br\/blog\/#\/schema\/person\/0bd06af445a9f4521906b1817e07fed6"},"description":"Na Little TEA, cl\u00ednica para autismo localizada em frente ao Metr\u00f4 Para\u00edso, na zona sul de S\u00e3o Paulo, recebemos diariamente fam\u00edlias com...","breadcrumb":{"@id":"https:\/\/littletea.com.br\/blog\/2025\/07\/22\/diferenca-entre-atraso-no-desenvolvimento-e-autismo-quando-e-so-uma-fase\/#breadcrumb"},"inLanguage":"pt-BR","potentialAction":[{"@type":"ReadAction","target":["https:\/\/littletea.com.br\/blog\/2025\/07\/22\/diferenca-entre-atraso-no-desenvolvimento-e-autismo-quando-e-so-uma-fase\/"]}]},{"@type":"BreadcrumbList","@id":"https:\/\/littletea.com.br\/blog\/2025\/07\/22\/diferenca-entre-atraso-no-desenvolvimento-e-autismo-quando-e-so-uma-fase\/#breadcrumb","itemListElement":[{"@type":"ListItem","position":1,"name":"In\u00edcio","item":"https:\/\/littletea.com.br\/blog\/"},{"@type":"ListItem","position":2,"name":"Diferen\u00e7a entre atraso no desenvolvimento e autismo: quando \u00e9 s\u00f3 uma fase?"}]},{"@type":"WebSite","@id":"https:\/\/littletea.com.br\/blog\/#website","url":"https:\/\/littletea.com.br\/blog\/","name":"Little TEA","description":"Blog","potentialAction":[{"@type":"SearchAction","target":{"@type":"EntryPoint","urlTemplate":"https:\/\/littletea.com.br\/blog\/?s={search_term_string}"},"query-input":"required name=search_term_string"}],"inLanguage":"pt-BR"},{"@type":"Person","@id":"https:\/\/littletea.com.br\/blog\/#\/schema\/person\/0bd06af445a9f4521906b1817e07fed6","name":"admin","image":{"@type":"ImageObject","inLanguage":"pt-BR","@id":"https:\/\/littletea.com.br\/blog\/#\/schema\/person\/image\/","url":"https:\/\/secure.gravatar.com\/avatar\/b07b14db293c4e66aba06a12734e39df?s=96&d=mm&r=g","contentUrl":"https:\/\/secure.gravatar.com\/avatar\/b07b14db293c4e66aba06a12734e39df?s=96&d=mm&r=g","caption":"admin"},"sameAs":["https:\/\/littletea.com.br\/blog"],"url":"https:\/\/littletea.com.br\/blog\/author\/admin\/"}]}},"_links":{"self":[{"href":"https:\/\/littletea.com.br\/blog\/wp-json\/wp\/v2\/posts\/190"}],"collection":[{"href":"https:\/\/littletea.com.br\/blog\/wp-json\/wp\/v2\/posts"}],"about":[{"href":"https:\/\/littletea.com.br\/blog\/wp-json\/wp\/v2\/types\/post"}],"author":[{"embeddable":true,"href":"https:\/\/littletea.com.br\/blog\/wp-json\/wp\/v2\/users\/1"}],"replies":[{"embeddable":true,"href":"https:\/\/littletea.com.br\/blog\/wp-json\/wp\/v2\/comments?post=190"}],"version-history":[{"count":1,"href":"https:\/\/littletea.com.br\/blog\/wp-json\/wp\/v2\/posts\/190\/revisions"}],"predecessor-version":[{"id":192,"href":"https:\/\/littletea.com.br\/blog\/wp-json\/wp\/v2\/posts\/190\/revisions\/192"}],"wp:featuredmedia":[{"embeddable":true,"href":"https:\/\/littletea.com.br\/blog\/wp-json\/wp\/v2\/media\/191"}],"wp:attachment":[{"href":"https:\/\/littletea.com.br\/blog\/wp-json\/wp\/v2\/media?parent=190"}],"wp:term":[{"taxonomy":"category","embeddable":true,"href":"https:\/\/littletea.com.br\/blog\/wp-json\/wp\/v2\/categories?post=190"},{"taxonomy":"post_tag","embeddable":true,"href":"https:\/\/littletea.com.br\/blog\/wp-json\/wp\/v2\/tags?post=190"}],"curies":[{"name":"wp","href":"https:\/\/api.w.org\/{rel}","templated":true}]}}