{"id":250,"date":"2026-04-20T09:13:31","date_gmt":"2026-04-20T09:13:31","guid":{"rendered":"https:\/\/littletea.com.br\/blog\/?p=250"},"modified":"2026-04-28T09:16:18","modified_gmt":"2026-04-28T09:16:18","slug":"clinica-para-autismo-e-comunicacao-estrategias-terapeuticas-para-estimular-fala-e-interacao","status":"publish","type":"post","link":"https:\/\/littletea.com.br\/blog\/2026\/04\/20\/clinica-para-autismo-e-comunicacao-estrategias-terapeuticas-para-estimular-fala-e-interacao\/","title":{"rendered":"Autismo e comunica\u00e7\u00e3o: estrat\u00e9gias terap\u00eauticas para estimular fala e intera\u00e7\u00e3o"},"content":{"rendered":"\n<p>Quando uma crian\u00e7a apresenta dificuldade para falar, manter contato visual, responder ao pr\u00f3prio nome ou demonstrar interesse nas intera\u00e7\u00f5es do dia a dia, \u00e9 natural que a fam\u00edlia se pergunte se aquele desenvolvimento est\u00e1 acontecendo no seu tempo ou se j\u00e1 \u00e9 momento de buscar apoio. Essa d\u00favida costuma vir acompanhada de ansiedade, inseguran\u00e7a e muitas perguntas. Nesse cen\u00e1rio, compreender como a comunica\u00e7\u00e3o se desenvolve e quais caminhos terap\u00eauticos podem favorecer esse processo faz toda a diferen\u00e7a.<\/p>\n\n\n\n<p>No contexto do autismo, a comunica\u00e7\u00e3o pode se manifestar de formas muito diversas. Algumas crian\u00e7as falam pouco, outras n\u00e3o utilizam a fala de maneira funcional, e h\u00e1 tamb\u00e9m aquelas que se comunicam verbalmente, mas encontram desafios para iniciar conversas, sustentar intera\u00e7\u00f5es ou compreender pistas sociais. Por isso, olhar para a comunica\u00e7\u00e3o vai muito al\u00e9m da fala. Envolve gestos, express\u00f5es faciais, aten\u00e7\u00e3o compartilhada, inten\u00e7\u00e3o comunicativa, compreens\u00e3o de linguagem e v\u00ednculo com o outro.<\/p>\n\n\n\n<p>Na <strong>Little TEA<\/strong>, cada crian\u00e7a \u00e9 acolhida em sua singularidade, com um plano terap\u00eautico pensado de forma individualizada e baseada em evid\u00eancias. Como <strong>cl\u00ednica para autismo<\/strong> localizada na zona sul de S\u00e3o Paulo, em frente ao <strong>Metr\u00f4 Para\u00edso<\/strong>, com estacionamento coberto, a cl\u00ednica oferece estrutura completa, ambiente acolhedor e salas adaptadas para promover conforto, seguran\u00e7a e desenvolvimento. Entre os servi\u00e7os est\u00e3o <strong>Terapia ABA<\/strong> presencial e online, <strong>Terapia Modelo Denver<\/strong>, orienta\u00e7\u00e3o parental, acompanhamento terap\u00eautico individual e supervis\u00e3o de casos, sempre com uma equipe de <strong>especialistas em autismo<\/strong> com forma\u00e7\u00e3o em ABA e em desenvolvimento infantil.<\/p>\n\n\n\n<h2 class=\"wp-block-heading\"><a><\/a> <strong>Comunica\u00e7\u00e3o no autismo: por que esse tema merece aten\u00e7\u00e3o precoce<\/strong><\/h2>\n\n\n\n<p>A comunica\u00e7\u00e3o \u00e9 uma das bases do desenvolvimento infantil. \u00c9 por meio dela que a crian\u00e7a expressa desejos, compartilha interesses, aprende com o ambiente e constr\u00f3i rela\u00e7\u00f5es. Quando existem desafios nessa \u00e1rea, outras habilidades tamb\u00e9m podem ser impactadas, como socializa\u00e7\u00e3o, brincadeira, aprendizagem e autonomia.<\/p>\n\n\n\n<p>No autismo, alguns sinais podem chamar a aten\u00e7\u00e3o desde cedo, como:<\/p>\n\n\n\n<ul>\n<li>pouco contato visual<\/li>\n\n\n\n<li>dificuldade para responder ao nome<\/li>\n\n\n\n<li>aus\u00eancia ou redu\u00e7\u00e3o de gestos, como apontar<\/li>\n\n\n\n<li>atraso na fala<\/li>\n\n\n\n<li>repeti\u00e7\u00e3o de palavras sem fun\u00e7\u00e3o comunicativa<\/li>\n\n\n\n<li>pouca iniciativa para interagir<\/li>\n\n\n\n<li>dificuldade em dividir aten\u00e7\u00e3o com outra pessoa durante brincadeiras<\/li>\n\n\n\n<li>prefer\u00eancia por brincar sozinho por longos per\u00edodos<\/li>\n<\/ul>\n\n\n\n<p>Esses sinais n\u00e3o devem ser vistos como r\u00f3tulos, mas como convites \u00e0 observa\u00e7\u00e3o cuidadosa. Quanto antes a crian\u00e7a recebe apoio adequado, maiores s\u00e3o as oportunidades de desenvolver habilidades comunicativas em contextos significativos. O c\u00e9rebro infantil, especialmente nos primeiros anos de vida, tem alta capacidade de aprender com experi\u00eancias estruturadas, repetidas e afetivamente positivas.<\/p>\n\n\n\n<p>\u00c9 justamente por isso que a <strong>interven\u00e7\u00e3o precoce<\/strong> \u00e9 t\u00e3o importante. Ela n\u00e3o busca apressar a inf\u00e2ncia, e sim oferecer ferramentas para que a crian\u00e7a consiga participar melhor do mundo ao seu redor, respeitando seu ritmo e potencial.<\/p>\n\n\n\n<h2 class=\"wp-block-heading\"><a><\/a> <strong>Fala n\u00e3o \u00e9 tudo: os muitos jeitos de se comunicar<\/strong><\/h2>\n\n\n\n<p>Quando os pais escutam que a crian\u00e7a tem dificuldade de comunica\u00e7\u00e3o, muitas vezes pensam imediatamente na aus\u00eancia de fala. Mas a comunica\u00e7\u00e3o come\u00e7a antes das palavras. Um beb\u00ea que olha para a m\u00e3e para compartilhar uma descoberta, uma crian\u00e7a que aponta para pedir algo ou que puxa um adulto para mostrar um brinquedo j\u00e1 est\u00e1 se comunicando.<\/p>\n\n\n\n<p>Por isso, uma boa <strong>terapia para autista<\/strong> precisa considerar diferentes aspectos, como:<\/p>\n\n\n\n<h3 class=\"wp-block-heading\"><a><\/a> <strong>Inten\u00e7\u00e3o comunicativa<\/strong><\/h3>\n\n\n\n<p>\u00c9 o desejo de se conectar com o outro para pedir, mostrar, recusar, comentar ou compartilhar.<\/p>\n\n\n\n<h3 class=\"wp-block-heading\"><a><\/a> <strong>Comunica\u00e7\u00e3o n\u00e3o verbal<\/strong><\/h3>\n\n\n\n<p>Inclui olhar, gestos, express\u00f5es faciais, postura corporal e uso funcional do apontar.<\/p>\n\n\n\n<h3 class=\"wp-block-heading\"><a><\/a> <strong>Compreens\u00e3o de linguagem<\/strong><\/h3>\n\n\n\n<p>Refere-se \u00e0 capacidade de entender instru\u00e7\u00f5es, palavras, contextos e intera\u00e7\u00f5es.<\/p>\n\n\n\n<h3 class=\"wp-block-heading\"><a><\/a> <strong>Linguagem verbal<\/strong><\/h3>\n\n\n\n<p>Abrange sons, palavras, frases, clareza na fala e uso funcional da linguagem.<\/p>\n\n\n\n<h3 class=\"wp-block-heading\"><a><\/a> <strong>Comunica\u00e7\u00e3o social<\/strong><\/h3>\n\n\n\n<p>Envolve turnos de conversa, aten\u00e7\u00e3o compartilhada, reciprocidade e leitura de pistas sociais.<\/p>\n\n\n\n<p>Quando o trabalho terap\u00eautico observa esse conjunto, o desenvolvimento tende a ser mais consistente e mais conectado com a vida real da crian\u00e7a.<\/p>\n\n\n\n<h2 class=\"wp-block-heading\"><a><\/a> <strong>Terapia ABA: estrat\u00e9gias baseadas em ci\u00eancia para ampliar comunica\u00e7\u00e3o e intera\u00e7\u00e3o<\/strong><\/h2>\n\n\n\n<p>A <strong>Terapia ABA<\/strong> \u00e9 uma abordagem baseada na ci\u00eancia do comportamento e amplamente utilizada no atendimento a crian\u00e7as autistas. Seu grande diferencial est\u00e1 na an\u00e1lise cuidadosa das habilidades j\u00e1 presentes, das dificuldades da crian\u00e7a e das estrat\u00e9gias mais eficazes para ensinar novos repert\u00f3rios de forma estruturada, motivadora e funcional.<\/p>\n\n\n\n<p>Na pr\u00e1tica, a <strong>Terapia ABA<\/strong> n\u00e3o \u00e9 uma f\u00f3rmula pronta. Ela \u00e9 personalizada. O terapeuta observa como a crian\u00e7a aprende melhor, quais est\u00edmulos despertam seu interesse, quais barreiras est\u00e3o dificultando a comunica\u00e7\u00e3o e como transformar situa\u00e7\u00f5es cotidianas em oportunidades de aprendizagem.<\/p>\n\n\n\n<h3 class=\"wp-block-heading\"><a><\/a> <strong>Como a ABA atua na comunica\u00e7\u00e3o<\/strong><\/h3>\n\n\n\n<p>No campo da comunica\u00e7\u00e3o, a <strong>Terapia ABA<\/strong> pode ajudar a desenvolver:<\/p>\n\n\n\n<ul>\n<li>pedidos funcionais<\/li>\n\n\n\n<li>imita\u00e7\u00e3o vocal e motora<\/li>\n\n\n\n<li>amplia\u00e7\u00e3o de vocabul\u00e1rio<\/li>\n\n\n\n<li>compreens\u00e3o de instru\u00e7\u00f5es<\/li>\n\n\n\n<li>troca de turnos<\/li>\n\n\n\n<li>habilidades de escuta<\/li>\n\n\n\n<li>nomea\u00e7\u00e3o de objetos, pessoas e a\u00e7\u00f5es<\/li>\n\n\n\n<li>respostas a perguntas simples<\/li>\n\n\n\n<li>iniciativa social<\/li>\n\n\n\n<li>redu\u00e7\u00e3o de comportamentos que surgem por dificuldade de se comunicar<\/li>\n<\/ul>\n\n\n\n<p>Imagine uma crian\u00e7a que chora ou se frustra porque n\u00e3o consegue pedir \u00e1gua. Em vez de apenas tentar reduzir o choro, a ABA procura ensinar uma forma mais eficaz de comunica\u00e7\u00e3o, como apontar, usar uma palavra, um gesto ou outro recurso compat\u00edvel com o momento do desenvolvimento daquela crian\u00e7a. Assim, o comportamento passa a ser entendido dentro de uma fun\u00e7\u00e3o, e o ensino acontece de forma mais respeitosa e eficiente.<\/p>\n\n\n\n<h3 class=\"wp-block-heading\"><a><\/a> <strong>Refor\u00e7o positivo e ensino estruturado<\/strong><\/h3>\n\n\n\n<p>Uma das ferramentas centrais da <strong>Terapia ABA<\/strong> \u00e9 o refor\u00e7o positivo. Quando a crian\u00e7a utiliza uma habilidade comunicativa de maneira adequada, ela recebe uma consequ\u00eancia que aumenta a chance de repetir aquele comportamento. Isso pode acontecer por meio de elogios, acesso a brinquedos, continuidade da brincadeira ou obten\u00e7\u00e3o do que pediu.<\/p>\n\n\n\n<p>Al\u00e9m disso, o ensino pode ser organizado em pequenas etapas, tornando o aprendizado mais claro. Se uma crian\u00e7a ainda n\u00e3o fala, por exemplo, o objetivo inicial pode ser olhar para o terapeuta, depois apontar, depois vocalizar sons e, aos poucos, avan\u00e7ar para palavras com fun\u00e7\u00e3o real.<\/p>\n\n\n\n<p>Esse cuidado com a progress\u00e3o faz com que a crian\u00e7a construa repert\u00f3rios mais s\u00f3lidos, sem pular etapas importantes.<\/p>\n\n\n\n<h2 class=\"wp-block-heading\"><a><\/a> <strong>Terapia Modelo Denver: desenvolvimento, afeto e brincadeira andando juntos<\/strong><\/h2>\n\n\n\n<p>A <strong>Terapia Modelo Denver<\/strong>, tamb\u00e9m conhecida como ESDM, \u00e9 uma abordagem voltada especialmente para crian\u00e7as pequenas, geralmente de at\u00e9 5 anos, com foco em desenvolvimento global, v\u00ednculo e aprendizagem em contextos naturais. Ela combina princ\u00edpios cient\u00edficos com intera\u00e7\u00f5es l\u00fadicas e afetivas, respeitando o interesse da crian\u00e7a e promovendo engajamento social.<\/p>\n\n\n\n<p>Na <strong>Terapia Modelo Denver<\/strong>, a brincadeira n\u00e3o \u00e9 apenas um momento agrad\u00e1vel: ela \u00e9 o caminho principal para ensinar. O terapeuta entra no universo da crian\u00e7a, acompanha seus interesses e cria oportunidades para estimular comunica\u00e7\u00e3o, aten\u00e7\u00e3o conjunta, imita\u00e7\u00e3o, linguagem e reciprocidade.<\/p>\n\n\n\n<h3 class=\"wp-block-heading\"><a><\/a> <strong>Como o Modelo Denver favorece a comunica\u00e7\u00e3o<\/strong><\/h3>\n\n\n\n<p>A <strong>Terapia Modelo Denver<\/strong> trabalha habilidades essenciais para o surgimento e fortalecimento da linguagem, como:<\/p>\n\n\n\n<ul>\n<li>aten\u00e7\u00e3o compartilhada<\/li>\n\n\n\n<li>imita\u00e7\u00e3o<\/li>\n\n\n\n<li>turnos sociais<\/li>\n\n\n\n<li>engajamento com o outro<\/li>\n\n\n\n<li>uso de gestos e express\u00f5es<\/li>\n\n\n\n<li>amplia\u00e7\u00e3o da iniciativa para interagir<\/li>\n\n\n\n<li>comunica\u00e7\u00e3o em contextos naturais<\/li>\n<\/ul>\n\n\n\n<p>Por exemplo, em vez de ensinar palavras de forma isolada, o terapeuta pode aproveitar uma brincadeira com bolhas de sab\u00e3o para estimular olhar, espera, pedido, antecipa\u00e7\u00e3o e vocaliza\u00e7\u00f5es. A crian\u00e7a aprende dentro de uma experi\u00eancia prazerosa, com forte participa\u00e7\u00e3o emocional.<\/p>\n\n\n\n<p>Esse modelo \u00e9 especialmente valioso para crian\u00e7as pequenas que ainda est\u00e3o construindo as bases da intera\u00e7\u00e3o social. Quando h\u00e1 v\u00ednculo, previsibilidade e prazer compartilhado, a comunica\u00e7\u00e3o tende a emergir com mais significado.<\/p>\n\n\n\n<h2 class=\"wp-block-heading\"><a><\/a> <strong>ABA e Denver: abordagens diferentes, objetivos complementares<\/strong><\/h2>\n\n\n\n<p>Muitas fam\u00edlias se perguntam qual abordagem \u00e9 melhor. Na pr\u00e1tica, essa resposta depende da avalia\u00e7\u00e3o individual, da idade da crian\u00e7a, do perfil de desenvolvimento e dos objetivos terap\u00eauticos. Em muitos casos, <strong>Terapia ABA<\/strong> e <strong>Terapia Modelo Denver<\/strong> podem ser grandes aliadas, porque ambas s\u00e3o baseadas em evid\u00eancias e t\u00eam como foco o desenvolvimento de habilidades importantes para a vida da crian\u00e7a.<\/p>\n\n\n\n<p>Enquanto a <strong>Terapia ABA<\/strong> pode oferecer uma estrutura muito precisa para ensino, an\u00e1lise funcional e mensura\u00e7\u00e3o de progresso, a <strong>Terapia Modelo Denver<\/strong> favorece o aprendizado dentro de intera\u00e7\u00f5es naturais e l\u00fadicas. O mais importante \u00e9 que a interven\u00e7\u00e3o seja \u00e9tica, individualizada, planejada e conduzida por <strong>especialistas em autismo<\/strong> capacitados.<\/p>\n\n\n\n<p>Na <strong>Little TEA<\/strong>, esse olhar integrado permite construir programas terap\u00eauticos focados em habilidades sociais, cognitivas, comunicativas e de autonomia, sempre considerando a crian\u00e7a como protagonista do seu processo.<\/p>\n\n\n\n<h2 class=\"wp-block-heading\"><a><\/a> <strong>O ambiente terap\u00eautico tamb\u00e9m comunica<\/strong><\/h2>\n\n\n\n<p>Quando falamos em comunica\u00e7\u00e3o, n\u00e3o podemos olhar apenas para a crian\u00e7a. O ambiente em que ela aprende tamb\u00e9m influencia profundamente seus resultados. Um espa\u00e7o organizado, acolhedor e adaptado ajuda a reduzir sobrecargas, facilita a previsibilidade e favorece o engajamento.<\/p>\n\n\n\n<p>A <strong>Little TEA<\/strong> foi planejada justamente para isso. Como <strong>cl\u00ednica para autismo<\/strong>, oferece estrutura completa, salas adaptadas e ambiente acolhedor para que cada atendimento aconte\u00e7a com conforto e seguran\u00e7a. Isso inclui materiais l\u00fadicos, espa\u00e7os adequados para interven\u00e7\u00e3o individual e contextos pensados para estimular a intera\u00e7\u00e3o social de forma respeitosa.<\/p>\n\n\n\n<p>Estar em uma cl\u00ednica que considera o ambiente como parte do processo terap\u00eautico faz diferen\u00e7a no dia a dia. A crian\u00e7a se sente mais segura, os profissionais conseguem organizar melhor os objetivos e a fam\u00edlia percebe mais clareza no acompanhamento.<\/p>\n\n\n\n<p>Outro ponto importante \u00e9 a praticidade para os cuidadores. A localiza\u00e7\u00e3o em frente ao <strong>Metr\u00f4 Para\u00edso<\/strong>, na regi\u00e3o sul de S\u00e3o Paulo, com estacionamento coberto, torna o acesso mais simples e acolhedor para fam\u00edlias que j\u00e1 vivem uma rotina intensa de cuidados e deslocamentos.<\/p>\n\n\n\n<h2 class=\"wp-block-heading\"><a><\/a> <strong>A fam\u00edlia como parceira no desenvolvimento da comunica\u00e7\u00e3o<\/strong><\/h2>\n\n\n\n<p>Nenhuma interven\u00e7\u00e3o acontece apenas dentro da sala de atendimento. A participa\u00e7\u00e3o da fam\u00edlia \u00e9 decisiva para que a crian\u00e7a generalize habilidades e use o que aprendeu em situa\u00e7\u00f5es reais, como nas refei\u00e7\u00f5es, nas brincadeiras, nos passeios e na conviv\u00eancia com irm\u00e3os e cuidadores.<\/p>\n\n\n\n<p>Por isso, a orienta\u00e7\u00e3o parental \u00e9 um dos pilares de um trabalho terap\u00eautico consistente. Quando os pais aprendem a reconhecer oportunidades de comunica\u00e7\u00e3o no cotidiano, pequenas intera\u00e7\u00f5es podem se transformar em momentos poderosos de desenvolvimento.<\/p>\n\n\n\n<h3 class=\"wp-block-heading\"><a><\/a> <strong>Estrat\u00e9gias que costumam ser ensinadas \u00e0 fam\u00edlia<\/strong><\/h3>\n\n\n\n<p>Entre as orienta\u00e7\u00f5es mais comuns est\u00e3o:<\/p>\n\n\n\n<ul>\n<li>esperar alguns segundos antes de antecipar o que a crian\u00e7a quer<\/li>\n\n\n\n<li>criar oportunidades para pedidos durante brincadeiras e rotinas<\/li>\n\n\n\n<li>valorizar tentativas de comunica\u00e7\u00e3o, mesmo que ainda estejam em fases iniciais<\/li>\n\n\n\n<li>usar linguagem simples e clara<\/li>\n\n\n\n<li>acompanhar os interesses da crian\u00e7a para aumentar engajamento<\/li>\n\n\n\n<li>transformar momentos do dia em experi\u00eancias de troca, e n\u00e3o apenas de cuidado<\/li>\n\n\n\n<li>refor\u00e7ar comportamentos comunicativos funcionais<\/li>\n<\/ul>\n\n\n\n<p>Na <strong>Little TEA<\/strong>, al\u00e9m da orienta\u00e7\u00e3o parental, as fam\u00edlias contam com acompanhamento terap\u00eautico individual e supervis\u00e3o de casos. Isso permite ajustes frequentes no plano de interven\u00e7\u00e3o, conforme a crian\u00e7a evolui, garantindo mais precis\u00e3o e continuidade no cuidado.<\/p>\n\n\n\n<h2 class=\"wp-block-heading\"><a><\/a> <strong>Quando procurar ajuda especializada<\/strong><\/h2>\n\n\n\n<p>Muitas fam\u00edlias escutam frases como \u201ccada crian\u00e7a tem seu tempo\u201d e, embora isso seja verdade em parte, tamb\u00e9m \u00e9 importante lembrar que o desenvolvimento infantil precisa ser observado com aten\u00e7\u00e3o. Quando existem sinais persistentes de dificuldade na fala, na intera\u00e7\u00e3o ou na comunica\u00e7\u00e3o social, buscar avalia\u00e7\u00e3o especializada \u00e9 um passo de cuidado, n\u00e3o de exagero.<\/p>\n\n\n\n<p>Vale procurar apoio quando a crian\u00e7a:<\/p>\n\n\n\n<ul>\n<li>n\u00e3o responde ao nome com frequ\u00eancia<\/li>\n\n\n\n<li>tem pouco interesse em interagir<\/li>\n\n\n\n<li>n\u00e3o aponta para mostrar ou pedir<\/li>\n\n\n\n<li>apresenta atraso importante na fala<\/li>\n\n\n\n<li>repete palavras sem inten\u00e7\u00e3o comunicativa clara<\/li>\n\n\n\n<li>tem dificuldade em brincar de forma compartilhada<\/li>\n\n\n\n<li>parece n\u00e3o compreender comandos simples esperados para sua faixa et\u00e1ria<\/li>\n\n\n\n<li>demonstra frustra\u00e7\u00e3o frequente por n\u00e3o conseguir se expressar<\/li>\n<\/ul>\n\n\n\n<p>Nesses casos, contar com uma <strong>cl\u00ednica para autismo<\/strong> que tenha equipe qualificada e experi\u00eancia em desenvolvimento infantil pode trazer mais clareza sobre os pr\u00f3ximos passos. O diagn\u00f3stico \u00e9 importante, mas a interven\u00e7\u00e3o \u00e9 o que efetivamente oferece suporte para a constru\u00e7\u00e3o de habilidades.<\/p>\n\n\n\n<p>Buscar um <strong>especialista em autismo<\/strong> n\u00e3o significa fechar possibilidades para a crian\u00e7a. Ao contr\u00e1rio: significa abrir caminhos mais adequados para que ela seja compreendida e acompanhada de forma sens\u00edvel, t\u00e9cnica e respeitosa.<\/p>\n\n\n\n<h2 class=\"wp-block-heading\"><a><\/a> <strong>Comunica\u00e7\u00e3o se constr\u00f3i em rela\u00e7\u00e3o<\/strong><\/h2>\n\n\n\n<p>Estimular fala e intera\u00e7\u00e3o no autismo n\u00e3o \u00e9 apenas ensinar palavras. \u00c9 ajudar a crian\u00e7a a perceber que se comunicar vale a pena, que o outro pode ser um parceiro interessante e que suas tentativas de express\u00e3o t\u00eam significado. Esse processo exige ci\u00eancia, planejamento, afeto e consist\u00eancia.<\/p>\n\n\n\n<p>Com <strong>Terapia ABA<\/strong>, <strong>Terapia Modelo Denver<\/strong>, orienta\u00e7\u00e3o \u00e0 fam\u00edlia e acompanhamento individualizado, \u00e9 poss\u00edvel promover avan\u00e7os reais e funcionais, sempre respeitando o tempo e o perfil de cada crian\u00e7a. Na <strong>Little TEA<\/strong>, esse cuidado acontece em um ambiente estruturado, acolhedor e conduzido por <strong>especialistas em autismo<\/strong> comprometidos com interven\u00e7\u00f5es baseadas em evid\u00eancias e com o desenvolvimento integral infantil.<\/p>\n\n\n\n<p>Para muitas fam\u00edlias, o primeiro passo \u00e9 justamente este: entender que comunica\u00e7\u00e3o n\u00e3o \u00e9 s\u00f3 fala, e que existe ajuda qualificada para transformar pequenas tentativas em grandes conquistas no v\u00ednculo, na intera\u00e7\u00e3o e na autonomia.<\/p>\n","protected":false},"excerpt":{"rendered":"<p>Quando uma crian\u00e7a apresenta dificuldade para falar, manter contato visual, responder ao pr\u00f3prio nome ou demonstrar interesse nas intera\u00e7\u00f5es do dia a [&hellip;]<\/p>\n","protected":false},"author":1,"featured_media":251,"comment_status":"open","ping_status":"open","sticky":false,"template":"","format":"standard","meta":[],"categories":[9],"tags":[12,3,8,14,23,6,13,7,5,18,4,17,11,16],"yoast_head":"<!-- This site is optimized with the Yoast SEO plugin v21.3 - https:\/\/yoast.com\/wordpress\/plugins\/seo\/ -->\n<title>Autismo e comunica\u00e7\u00e3o: estrat\u00e9gias terap\u00eauticas para estimular fala e intera\u00e7\u00e3o - Little TEA<\/title>\n<meta name=\"description\" content=\"A Little TEA foi planejada justamente para isso. Como cl\u00ednica para autismo, oferece estrutura completa, salas adaptadas e ambiente acolhe...\" \/>\n<meta name=\"robots\" content=\"index, follow, max-snippet:-1, max-image-preview:large, max-video-preview:-1\" \/>\n<link rel=\"canonical\" href=\"https:\/\/littletea.com.br\/blog\/2026\/04\/20\/clinica-para-autismo-e-comunicacao-estrategias-terapeuticas-para-estimular-fala-e-interacao\/\" \/>\n<meta property=\"og:locale\" content=\"pt_BR\" \/>\n<meta property=\"og:type\" content=\"article\" \/>\n<meta property=\"og:title\" content=\"Autismo e comunica\u00e7\u00e3o: estrat\u00e9gias terap\u00eauticas para estimular fala e intera\u00e7\u00e3o - Little TEA\" \/>\n<meta property=\"og:description\" content=\"A Little TEA foi planejada justamente para isso. Como cl\u00ednica para autismo, oferece estrutura completa, salas adaptadas e ambiente acolhe...\" \/>\n<meta property=\"og:url\" content=\"https:\/\/littletea.com.br\/blog\/2026\/04\/20\/clinica-para-autismo-e-comunicacao-estrategias-terapeuticas-para-estimular-fala-e-interacao\/\" \/>\n<meta property=\"og:site_name\" content=\"Little TEA\" \/>\n<meta property=\"article:published_time\" content=\"2026-04-20T09:13:31+00:00\" \/>\n<meta property=\"article:modified_time\" content=\"2026-04-28T09:16:18+00:00\" \/>\n<meta property=\"og:image\" content=\"https:\/\/littletea.com.br\/blog\/wp-content\/uploads\/2026\/04\/Clinica-para-autismo.jpg\" \/>\n\t<meta property=\"og:image:width\" content=\"1536\" \/>\n\t<meta property=\"og:image:height\" content=\"1024\" \/>\n\t<meta property=\"og:image:type\" content=\"image\/jpeg\" \/>\n<meta name=\"author\" content=\"admin\" \/>\n<meta name=\"twitter:card\" content=\"summary_large_image\" \/>\n<meta name=\"twitter:label1\" content=\"Escrito por\" \/>\n\t<meta name=\"twitter:data1\" content=\"admin\" \/>\n\t<meta name=\"twitter:label2\" content=\"Est. tempo de leitura\" \/>\n\t<meta name=\"twitter:data2\" content=\"12 minutos\" \/>\n<script type=\"application\/ld+json\" class=\"yoast-schema-graph\">{\"@context\":\"https:\/\/schema.org\",\"@graph\":[{\"@type\":\"WebPage\",\"@id\":\"https:\/\/littletea.com.br\/blog\/2026\/04\/20\/clinica-para-autismo-e-comunicacao-estrategias-terapeuticas-para-estimular-fala-e-interacao\/\",\"url\":\"https:\/\/littletea.com.br\/blog\/2026\/04\/20\/clinica-para-autismo-e-comunicacao-estrategias-terapeuticas-para-estimular-fala-e-interacao\/\",\"name\":\"Autismo e comunica\u00e7\u00e3o: estrat\u00e9gias terap\u00eauticas para estimular fala e intera\u00e7\u00e3o - Little TEA\",\"isPartOf\":{\"@id\":\"https:\/\/littletea.com.br\/blog\/#website\"},\"datePublished\":\"2026-04-20T09:13:31+00:00\",\"dateModified\":\"2026-04-28T09:16:18+00:00\",\"author\":{\"@id\":\"https:\/\/littletea.com.br\/blog\/#\/schema\/person\/0bd06af445a9f4521906b1817e07fed6\"},\"description\":\"A Little TEA foi planejada justamente para isso. Como cl\u00ednica para autismo, oferece estrutura completa, salas adaptadas e ambiente acolhe...\",\"breadcrumb\":{\"@id\":\"https:\/\/littletea.com.br\/blog\/2026\/04\/20\/clinica-para-autismo-e-comunicacao-estrategias-terapeuticas-para-estimular-fala-e-interacao\/#breadcrumb\"},\"inLanguage\":\"pt-BR\",\"potentialAction\":[{\"@type\":\"ReadAction\",\"target\":[\"https:\/\/littletea.com.br\/blog\/2026\/04\/20\/clinica-para-autismo-e-comunicacao-estrategias-terapeuticas-para-estimular-fala-e-interacao\/\"]}]},{\"@type\":\"BreadcrumbList\",\"@id\":\"https:\/\/littletea.com.br\/blog\/2026\/04\/20\/clinica-para-autismo-e-comunicacao-estrategias-terapeuticas-para-estimular-fala-e-interacao\/#breadcrumb\",\"itemListElement\":[{\"@type\":\"ListItem\",\"position\":1,\"name\":\"In\u00edcio\",\"item\":\"https:\/\/littletea.com.br\/blog\/\"},{\"@type\":\"ListItem\",\"position\":2,\"name\":\"Autismo e comunica\u00e7\u00e3o: estrat\u00e9gias terap\u00eauticas para estimular fala e intera\u00e7\u00e3o\"}]},{\"@type\":\"WebSite\",\"@id\":\"https:\/\/littletea.com.br\/blog\/#website\",\"url\":\"https:\/\/littletea.com.br\/blog\/\",\"name\":\"Little TEA\",\"description\":\"Blog\",\"potentialAction\":[{\"@type\":\"SearchAction\",\"target\":{\"@type\":\"EntryPoint\",\"urlTemplate\":\"https:\/\/littletea.com.br\/blog\/?s={search_term_string}\"},\"query-input\":\"required name=search_term_string\"}],\"inLanguage\":\"pt-BR\"},{\"@type\":\"Person\",\"@id\":\"https:\/\/littletea.com.br\/blog\/#\/schema\/person\/0bd06af445a9f4521906b1817e07fed6\",\"name\":\"admin\",\"image\":{\"@type\":\"ImageObject\",\"inLanguage\":\"pt-BR\",\"@id\":\"https:\/\/littletea.com.br\/blog\/#\/schema\/person\/image\/\",\"url\":\"https:\/\/secure.gravatar.com\/avatar\/b07b14db293c4e66aba06a12734e39df?s=96&d=mm&r=g\",\"contentUrl\":\"https:\/\/secure.gravatar.com\/avatar\/b07b14db293c4e66aba06a12734e39df?s=96&d=mm&r=g\",\"caption\":\"admin\"},\"sameAs\":[\"https:\/\/littletea.com.br\/blog\"],\"url\":\"https:\/\/littletea.com.br\/blog\/author\/admin\/\"}]}<\/script>\n<!-- \/ Yoast SEO plugin. -->","yoast_head_json":{"title":"Autismo e comunica\u00e7\u00e3o: estrat\u00e9gias terap\u00eauticas para estimular fala e intera\u00e7\u00e3o - Little TEA","description":"A Little TEA foi planejada justamente para isso. Como cl\u00ednica para autismo, oferece estrutura completa, salas adaptadas e ambiente acolhe...","robots":{"index":"index","follow":"follow","max-snippet":"max-snippet:-1","max-image-preview":"max-image-preview:large","max-video-preview":"max-video-preview:-1"},"canonical":"https:\/\/littletea.com.br\/blog\/2026\/04\/20\/clinica-para-autismo-e-comunicacao-estrategias-terapeuticas-para-estimular-fala-e-interacao\/","og_locale":"pt_BR","og_type":"article","og_title":"Autismo e comunica\u00e7\u00e3o: estrat\u00e9gias terap\u00eauticas para estimular fala e intera\u00e7\u00e3o - Little TEA","og_description":"A Little TEA foi planejada justamente para isso. Como cl\u00ednica para autismo, oferece estrutura completa, salas adaptadas e ambiente acolhe...","og_url":"https:\/\/littletea.com.br\/blog\/2026\/04\/20\/clinica-para-autismo-e-comunicacao-estrategias-terapeuticas-para-estimular-fala-e-interacao\/","og_site_name":"Little TEA","article_published_time":"2026-04-20T09:13:31+00:00","article_modified_time":"2026-04-28T09:16:18+00:00","og_image":[{"width":1536,"height":1024,"url":"https:\/\/littletea.com.br\/blog\/wp-content\/uploads\/2026\/04\/Clinica-para-autismo.jpg","type":"image\/jpeg"}],"author":"admin","twitter_card":"summary_large_image","twitter_misc":{"Escrito por":"admin","Est. tempo de leitura":"12 minutos"},"schema":{"@context":"https:\/\/schema.org","@graph":[{"@type":"WebPage","@id":"https:\/\/littletea.com.br\/blog\/2026\/04\/20\/clinica-para-autismo-e-comunicacao-estrategias-terapeuticas-para-estimular-fala-e-interacao\/","url":"https:\/\/littletea.com.br\/blog\/2026\/04\/20\/clinica-para-autismo-e-comunicacao-estrategias-terapeuticas-para-estimular-fala-e-interacao\/","name":"Autismo e comunica\u00e7\u00e3o: estrat\u00e9gias terap\u00eauticas para estimular fala e intera\u00e7\u00e3o - Little TEA","isPartOf":{"@id":"https:\/\/littletea.com.br\/blog\/#website"},"datePublished":"2026-04-20T09:13:31+00:00","dateModified":"2026-04-28T09:16:18+00:00","author":{"@id":"https:\/\/littletea.com.br\/blog\/#\/schema\/person\/0bd06af445a9f4521906b1817e07fed6"},"description":"A Little TEA foi planejada justamente para isso. Como cl\u00ednica para autismo, oferece estrutura completa, salas adaptadas e ambiente acolhe...","breadcrumb":{"@id":"https:\/\/littletea.com.br\/blog\/2026\/04\/20\/clinica-para-autismo-e-comunicacao-estrategias-terapeuticas-para-estimular-fala-e-interacao\/#breadcrumb"},"inLanguage":"pt-BR","potentialAction":[{"@type":"ReadAction","target":["https:\/\/littletea.com.br\/blog\/2026\/04\/20\/clinica-para-autismo-e-comunicacao-estrategias-terapeuticas-para-estimular-fala-e-interacao\/"]}]},{"@type":"BreadcrumbList","@id":"https:\/\/littletea.com.br\/blog\/2026\/04\/20\/clinica-para-autismo-e-comunicacao-estrategias-terapeuticas-para-estimular-fala-e-interacao\/#breadcrumb","itemListElement":[{"@type":"ListItem","position":1,"name":"In\u00edcio","item":"https:\/\/littletea.com.br\/blog\/"},{"@type":"ListItem","position":2,"name":"Autismo e comunica\u00e7\u00e3o: estrat\u00e9gias terap\u00eauticas para estimular fala e intera\u00e7\u00e3o"}]},{"@type":"WebSite","@id":"https:\/\/littletea.com.br\/blog\/#website","url":"https:\/\/littletea.com.br\/blog\/","name":"Little TEA","description":"Blog","potentialAction":[{"@type":"SearchAction","target":{"@type":"EntryPoint","urlTemplate":"https:\/\/littletea.com.br\/blog\/?s={search_term_string}"},"query-input":"required name=search_term_string"}],"inLanguage":"pt-BR"},{"@type":"Person","@id":"https:\/\/littletea.com.br\/blog\/#\/schema\/person\/0bd06af445a9f4521906b1817e07fed6","name":"admin","image":{"@type":"ImageObject","inLanguage":"pt-BR","@id":"https:\/\/littletea.com.br\/blog\/#\/schema\/person\/image\/","url":"https:\/\/secure.gravatar.com\/avatar\/b07b14db293c4e66aba06a12734e39df?s=96&d=mm&r=g","contentUrl":"https:\/\/secure.gravatar.com\/avatar\/b07b14db293c4e66aba06a12734e39df?s=96&d=mm&r=g","caption":"admin"},"sameAs":["https:\/\/littletea.com.br\/blog"],"url":"https:\/\/littletea.com.br\/blog\/author\/admin\/"}]}},"_links":{"self":[{"href":"https:\/\/littletea.com.br\/blog\/wp-json\/wp\/v2\/posts\/250"}],"collection":[{"href":"https:\/\/littletea.com.br\/blog\/wp-json\/wp\/v2\/posts"}],"about":[{"href":"https:\/\/littletea.com.br\/blog\/wp-json\/wp\/v2\/types\/post"}],"author":[{"embeddable":true,"href":"https:\/\/littletea.com.br\/blog\/wp-json\/wp\/v2\/users\/1"}],"replies":[{"embeddable":true,"href":"https:\/\/littletea.com.br\/blog\/wp-json\/wp\/v2\/comments?post=250"}],"version-history":[{"count":1,"href":"https:\/\/littletea.com.br\/blog\/wp-json\/wp\/v2\/posts\/250\/revisions"}],"predecessor-version":[{"id":252,"href":"https:\/\/littletea.com.br\/blog\/wp-json\/wp\/v2\/posts\/250\/revisions\/252"}],"wp:featuredmedia":[{"embeddable":true,"href":"https:\/\/littletea.com.br\/blog\/wp-json\/wp\/v2\/media\/251"}],"wp:attachment":[{"href":"https:\/\/littletea.com.br\/blog\/wp-json\/wp\/v2\/media?parent=250"}],"wp:term":[{"taxonomy":"category","embeddable":true,"href":"https:\/\/littletea.com.br\/blog\/wp-json\/wp\/v2\/categories?post=250"},{"taxonomy":"post_tag","embeddable":true,"href":"https:\/\/littletea.com.br\/blog\/wp-json\/wp\/v2\/tags?post=250"}],"curies":[{"name":"wp","href":"https:\/\/api.w.org\/{rel}","templated":true}]}}